{"id":7391,"date":"2017-11-19T13:37:34","date_gmt":"2017-11-19T11:37:34","guid":{"rendered":"http:\/\/www.soeren-in-norwegen.net\/blog\/?p=7391"},"modified":"2017-09-06T18:06:35","modified_gmt":"2017-09-06T16:06:35","slug":"maenner-weiterhin-bestimmt-durch-das-alte-rollenmodell","status":"publish","type":"post","link":"http:\/\/www.soeren-in-norwegen.net\/blog\/2017\/11\/maenner-weiterhin-bestimmt-durch-das-alte-rollenmodell\/","title":{"rendered":"Maenner &#8212; Weiterhin bestimmt durch das alte Rollenmodell"},"content":{"rendered":"<p>Vor einiger Zeit <a href=\"http:\/\/gizmodo.com\/exclusive-heres-the-full-10-page-anti-diversity-screed-1797564320\" target=\"_blank\" rel=\"noopener\">war da mal was bei Google<\/a> so wegen Vielfalt und so.<\/p>\n<p>Nachdem sich die erste Aufregung gelegt hatte, las ich mal das oben verlinkte Dokument in Gaenze und stellte fest, dass&#8217;s eigentlich (mir) nix Neues praesentierte. Und obwohl die (ich nehme an) konservative Einstellung des Verfassers durchaus an einigen Stellen zu erkennen ist, so ist es erstaunlich selbstreflektierend geschrieben. Waere sch\u00f8n, wenn alle Diskussionen auf diesem Niveau waeren. Waere noch sch\u00f8ner, wenn die sich Aufregenden ebenso selbstreflektiert argumentieren wuerden (k\u00f8nnten?). Aber das Auseinandersetzen mit seinen eigenen Einstellungen ist eher schwer.<\/p>\n<p>Sei&#8217;s drum.<\/p>\n<p>Wie geschrieben, lohnt es sich (fuer mich) nicht wirklich im Detail auf den Artikel einzugehen. Aber eine Stelle m\u00f8chte ich dennoch zitieren:<\/p>\n<blockquote><p>Feminism has made great progress in freeing women from the female gender role, but men are still very much tied to the male gender role. If we, as a society, allow men to be more \u201cfeminine,\u201d then the gender gap will shrink [\u2026]<\/p><\/blockquote>\n<p>Und genau deswegen schreibe ich hier immer noch darueber. <a href=\"http:\/\/www.soeren-in-norwegen.net\/blog\/2013\/05\/ein-kommentar-wert-der-offentlichen-antwort\/\" target=\"_blank\" rel=\"noopener\">Ich mache das Ganze fuer mich<\/a>! Damit Maenner die nach Hilfe fragen, nicht mehr komisch angeschaut werden. Im Wesentlichen ist das auch der Grund, warum ich so (relativ) offen mit meiner (damaligen) Depression und meinen (auch noch heutigen) Aengsten umgehe.\u00a0 \u2026 &#8222;Feminin&#8220; sein!<\/p>\n<p>Aber &#8217;ne Frau \/ feminin zu sein ist trotz aller Fortschritte immer noch nicht so einfach, wie zur Gruppe der weiszen, gesunden Maenner mit (technischem) Hochschulabschluss zu geh\u00f8ren. Unter anderem deswegen:<\/p>\n<p><a href=\"http:\/\/www.soeren-in-norwegen.net\/blog\/?attachment_id=7392\" rel=\"attachment wp-att-7392\"><img decoding=\"async\" loading=\"lazy\" class=\"aligncenter size-full wp-image-7392\" src=\"http:\/\/www.soeren-in-norwegen.net\/blog\/wp-content\/uploads\/gefunden_35.jpg\" alt=\"\" width=\"564\" height=\"800\" \/><\/a><\/p>\n","protected":false},"excerpt":{"rendered":"<p>Vor einiger Zeit war da mal was bei Google so wegen Vielfalt und so. Nachdem sich die erste Aufregung gelegt hatte, las ich mal das oben verlinkte Dokument in Gaenze und stellte fest, dass&#8217;s eigentlich (mir) nix Neues praesentierte. Und obwohl die (ich nehme an) konservative Einstellung des Verfassers durchaus an einigen Stellen zu erkennen [&hellip;]<\/p>\n","protected":false},"author":2,"featured_media":0,"comment_status":"open","ping_status":"open","sticky":false,"template":"","format":"standard","meta":[],"categories":[19],"tags":[],"_links":{"self":[{"href":"http:\/\/www.soeren-in-norwegen.net\/blog\/wp-json\/wp\/v2\/posts\/7391"}],"collection":[{"href":"http:\/\/www.soeren-in-norwegen.net\/blog\/wp-json\/wp\/v2\/posts"}],"about":[{"href":"http:\/\/www.soeren-in-norwegen.net\/blog\/wp-json\/wp\/v2\/types\/post"}],"author":[{"embeddable":true,"href":"http:\/\/www.soeren-in-norwegen.net\/blog\/wp-json\/wp\/v2\/users\/2"}],"replies":[{"embeddable":true,"href":"http:\/\/www.soeren-in-norwegen.net\/blog\/wp-json\/wp\/v2\/comments?post=7391"}],"version-history":[{"count":3,"href":"http:\/\/www.soeren-in-norwegen.net\/blog\/wp-json\/wp\/v2\/posts\/7391\/revisions"}],"predecessor-version":[{"id":7395,"href":"http:\/\/www.soeren-in-norwegen.net\/blog\/wp-json\/wp\/v2\/posts\/7391\/revisions\/7395"}],"wp:attachment":[{"href":"http:\/\/www.soeren-in-norwegen.net\/blog\/wp-json\/wp\/v2\/media?parent=7391"}],"wp:term":[{"taxonomy":"category","embeddable":true,"href":"http:\/\/www.soeren-in-norwegen.net\/blog\/wp-json\/wp\/v2\/categories?post=7391"},{"taxonomy":"post_tag","embeddable":true,"href":"http:\/\/www.soeren-in-norwegen.net\/blog\/wp-json\/wp\/v2\/tags?post=7391"}],"curies":[{"name":"wp","href":"https:\/\/api.w.org\/{rel}","templated":true}]}}