{"id":587,"date":"2010-02-08T12:27:37","date_gmt":"2010-02-08T10:27:37","guid":{"rendered":"http:\/\/www.soeren-in-norwegen.net\/blog\/?p=587"},"modified":"2010-02-08T12:27:37","modified_gmt":"2010-02-08T10:27:37","slug":"heute-muss-ich-mal-die-schweden-loben","status":"publish","type":"post","link":"http:\/\/www.soeren-in-norwegen.net\/blog\/2010\/02\/heute-muss-ich-mal-die-schweden-loben\/","title":{"rendered":"Heute muss ich mal die Schweden loben &#8230;"},"content":{"rendered":"<p>.. denn die haben Politiker mit Rueckgrat (und die sich ihrer Verantwortung bewusst sind). Ich weisz, ich weisz, wenn man die so gern euphemistisch als &#8222;Realpolitik&#8220; bezeichnete Verarschung des dummen Wahlviehs in Dtschl. gewohnt ist, dann kann man sich das total schwer vorstellen. Deswegen ist <a title=\"NZZ online - Schwedische Aussenministerin zur\u00fcckgetreten\" href=\"http:\/\/www.nzz.ch\/2006\/03\/21\/al\/newzzEL1Z1FNO-12.html\" target=\"_blank\">folgende Meldung<\/a> so erwaehnenswert (auch wenn sie aus Schweden ist):<\/p>\n<blockquote><p>Schwedens Aussenministerin [ist] wegen eines Streits um die d\u00e4nischen Mohammed-Karikaturen zur\u00fcckgetreten. [Sie hat] zugeben m\u00fcssen, dass sie [&#8230;] an der Schliessung einer schwedischen Internetseite mit Mohammed-Zeichnungen beteiligt gewesen war. Freivalds erkl\u00e4rte, sie k\u00f6nne nicht mehr seri\u00f6se Aussenpolitik betreiben.<\/p><\/blockquote>\n<p><a title=\"taz - trotzige Schweden\" href=\"http:\/\/www.taz.de\/1\/politik\/schwerpunkt-ueberwachung\/artikel\/1\/trotzige-schweden\/\" target=\"_blank\">Ausserdem im fernen Schweden geschehen<\/a>:<\/p>\n<blockquote><p>Die Schweden pfeifen auf die Vorratsdatenspeicherung und wollen kein Gesetz dazu verabschieden. Sie ignorieren sogar eine Verurteilung durch die EU<\/p><\/blockquote>\n<p>Schon toll dieses Skandinavien Und wo wir grad bei den Schweden sind:<\/p>\n<blockquote><p>Fr\u00fchst\u00fcckspause in einer schwedischen Fabrik. Lasse steht vor dem Butterbrotautomaten und wirft ein 10-Kronen-St\u00fcck ein und bekommt ein Butterbrot. Er wirft erfreut eine zweite M\u00fcnze ein und bekommt ein zweites Butterbrot. Lasse wirft eifrig weitere M\u00fcnzen ein, bis er schon einen ganzen Stapel Butterbrote hat. Da kommt Bosse vorbei und sagt:<br \/>\n&#8211; H\u00f6r doch auf damit! Das hat doch keinen Sinn.<br \/>\n&#8211; Warum denn aufh\u00f6ren? Gerade wo ich eine Gl\u00fccksstr\u00e4hne habe! \u00a8<\/p><\/blockquote>\n","protected":false},"excerpt":{"rendered":"<p>.. denn die haben Politiker mit Rueckgrat (und die sich ihrer Verantwortung bewusst sind). Ich weisz, ich weisz, wenn man die so gern euphemistisch als &#8222;Realpolitik&#8220; bezeichnete Verarschung des dummen Wahlviehs in Dtschl. gewohnt ist, dann kann man sich das total schwer vorstellen. Deswegen ist folgende Meldung so erwaehnenswert (auch wenn sie aus Schweden ist): [&hellip;]<\/p>\n","protected":false},"author":2,"featured_media":0,"comment_status":"open","ping_status":"open","sticky":false,"template":"","format":"standard","meta":[],"categories":[6,11],"tags":[],"_links":{"self":[{"href":"http:\/\/www.soeren-in-norwegen.net\/blog\/wp-json\/wp\/v2\/posts\/587"}],"collection":[{"href":"http:\/\/www.soeren-in-norwegen.net\/blog\/wp-json\/wp\/v2\/posts"}],"about":[{"href":"http:\/\/www.soeren-in-norwegen.net\/blog\/wp-json\/wp\/v2\/types\/post"}],"author":[{"embeddable":true,"href":"http:\/\/www.soeren-in-norwegen.net\/blog\/wp-json\/wp\/v2\/users\/2"}],"replies":[{"embeddable":true,"href":"http:\/\/www.soeren-in-norwegen.net\/blog\/wp-json\/wp\/v2\/comments?post=587"}],"version-history":[{"count":5,"href":"http:\/\/www.soeren-in-norwegen.net\/blog\/wp-json\/wp\/v2\/posts\/587\/revisions"}],"predecessor-version":[{"id":592,"href":"http:\/\/www.soeren-in-norwegen.net\/blog\/wp-json\/wp\/v2\/posts\/587\/revisions\/592"}],"wp:attachment":[{"href":"http:\/\/www.soeren-in-norwegen.net\/blog\/wp-json\/wp\/v2\/media?parent=587"}],"wp:term":[{"taxonomy":"category","embeddable":true,"href":"http:\/\/www.soeren-in-norwegen.net\/blog\/wp-json\/wp\/v2\/categories?post=587"},{"taxonomy":"post_tag","embeddable":true,"href":"http:\/\/www.soeren-in-norwegen.net\/blog\/wp-json\/wp\/v2\/tags?post=587"}],"curies":[{"name":"wp","href":"https:\/\/api.w.org\/{rel}","templated":true}]}}