{"id":5682,"date":"2016-02-23T13:37:34","date_gmt":"2016-02-23T11:37:34","guid":{"rendered":"http:\/\/www.soeren-in-norwegen.net\/blog\/?p=5682"},"modified":"2015-08-21T14:05:19","modified_gmt":"2015-08-21T12:05:19","slug":"furchtsames-schweigen","status":"publish","type":"post","link":"http:\/\/www.soeren-in-norwegen.net\/blog\/2016\/02\/furchtsames-schweigen\/","title":{"rendered":"Furchtsames Schweigen"},"content":{"rendered":"<p>In &#8222;<a href=\"http:\/\/www.faz.net\/aktuell\/feuilleton\/buecher\/rezensionen\/sachbuch\/abreissen-statt-offenbaren-1282883.html\" target=\"_blank\">Abrei\u00dfen statt offenbaren<\/a>&#8220; stellt Dietmar Dath das Testament des <a href=\"https:\/\/de.wikipedia.org\/wiki\/Jean_Meslier\" target=\"_blank\">Jean Meslier<\/a> vor.<\/p>\n<p>Dietmar meint, das es die<\/p>\n<blockquote><p>wichtigste und literarisch beste Quellenschrift aller kritischen, negativen Leistungen der europ\u00e4ischen Vernunft<\/p><\/blockquote>\n<p>ist.<\/p>\n<p>Mit &#8222;der europaeischen Vernunft&#8220; meint er all jene Philosophen, welche die Vernunft als das H\u00f8chste ansahen und die der Reihe nach mit &#8222;Gottesbeweisen&#8220; und Rechtfertigungen der Religion gekommen sind. Am Bekanntesten duerften wohl <a href=\"https:\/\/de.wikipedia.org\/wiki\/Ren\u00e9_Descartes\" target=\"_blank\">Descartes<\/a> und <a href=\"https:\/\/de.wikipedia.org\/wiki\/Immanuel_Kant\" target=\"_blank\">Kant<\/a> sein.<\/p>\n<p>Meslier schreibt:<\/p>\n<blockquote><p>Die Weisen [\u2026] wagen es nicht, offen zu sagen, was sie denken, und es ist diesem feigen und furchtsamen Schweigen zu verdanken, da\u00df alle die Irrt\u00fcmer [\u2026] und alle die Mi\u00dfst\u00e4nde, von denen ich geredet habe, sich auf der Welt behaupten und sich jeden Tag noch vervielf\u00e4ltigen k\u00f6nnen, wie wir es sehen.<\/p><\/blockquote>\n<p>Nochmals auf Kant zurueck kommend, ist zu bedenken, dass er NACH der Schrift Mesliers den oben genannten, der Vernunft widersprechenden Unsinn von sich gab. Ein weiterer Grund, warum ich nicht so besonders viel von ihm halte. Trotz seiner anderen Leistungen.<\/p>\n<p>Aber es soll hier nicht um Kant gehen. Sondern um das, was Meslier schrieb. Lest ihr, meine lieben Leserinnen und Leser, euch das Zitat von ihm nochmals durch; dann ist das was ich als naechstes schreibe sinnvoller.<\/p>\n<p>\u2026 \u2026 \u2026<\/p>\n<p>Zeit zum nochmaligen Lesen des Zitats.<\/p>\n<p>\u2026 \u2026 \u2026<\/p>\n<p>Was Meslier schreibt, ist erschreckend einfach auf unsere heutige Zeit anzuwenden.<\/p>\n<p>Die Weisen kann man mit den sog. &#8222;Technikern&#8220; gleich setzen. Jene, die sich nicht trauen auch mal ueber die negativen Aspekte ihrer Arbeit zu reden, weil es ja dann immer gleich &#8222;technikfeindlich&#8220; heiszen k\u00f8nnte. Oder weil die &#8222;interessanten Probleme&#8220; dann auf einmal einen ethisch\/moralischen Konflikt herbeifuehren k\u00f8nnten.<\/p>\n<p>Eines von zahlreichen Beispielen waere das technisch und intellektuell sicherlich interessante <a href=\"https:\/\/de.wikipedia.org\/wiki\/PRISM\" target=\"_blank\">PRISM-Programm<\/a>.<\/p>\n<p>Andere mag der geneigte Leser sich selbst ueberlegen.<\/p>\n","protected":false},"excerpt":{"rendered":"<p>In &#8222;Abrei\u00dfen statt offenbaren&#8220; stellt Dietmar Dath das Testament des Jean Meslier vor. Dietmar meint, das es die wichtigste und literarisch beste Quellenschrift aller kritischen, negativen Leistungen der europ\u00e4ischen Vernunft ist. Mit &#8222;der europaeischen Vernunft&#8220; meint er all jene Philosophen, welche die Vernunft als das H\u00f8chste ansahen und die der Reihe nach mit &#8222;Gottesbeweisen&#8220; und [&hellip;]<\/p>\n","protected":false},"author":2,"featured_media":0,"comment_status":"open","ping_status":"open","sticky":false,"template":"","format":"standard","meta":[],"categories":[1,25],"tags":[],"_links":{"self":[{"href":"http:\/\/www.soeren-in-norwegen.net\/blog\/wp-json\/wp\/v2\/posts\/5682"}],"collection":[{"href":"http:\/\/www.soeren-in-norwegen.net\/blog\/wp-json\/wp\/v2\/posts"}],"about":[{"href":"http:\/\/www.soeren-in-norwegen.net\/blog\/wp-json\/wp\/v2\/types\/post"}],"author":[{"embeddable":true,"href":"http:\/\/www.soeren-in-norwegen.net\/blog\/wp-json\/wp\/v2\/users\/2"}],"replies":[{"embeddable":true,"href":"http:\/\/www.soeren-in-norwegen.net\/blog\/wp-json\/wp\/v2\/comments?post=5682"}],"version-history":[{"count":3,"href":"http:\/\/www.soeren-in-norwegen.net\/blog\/wp-json\/wp\/v2\/posts\/5682\/revisions"}],"predecessor-version":[{"id":5685,"href":"http:\/\/www.soeren-in-norwegen.net\/blog\/wp-json\/wp\/v2\/posts\/5682\/revisions\/5685"}],"wp:attachment":[{"href":"http:\/\/www.soeren-in-norwegen.net\/blog\/wp-json\/wp\/v2\/media?parent=5682"}],"wp:term":[{"taxonomy":"category","embeddable":true,"href":"http:\/\/www.soeren-in-norwegen.net\/blog\/wp-json\/wp\/v2\/categories?post=5682"},{"taxonomy":"post_tag","embeddable":true,"href":"http:\/\/www.soeren-in-norwegen.net\/blog\/wp-json\/wp\/v2\/tags?post=5682"}],"curies":[{"name":"wp","href":"https:\/\/api.w.org\/{rel}","templated":true}]}}