{"id":5612,"date":"2016-01-19T13:37:27","date_gmt":"2016-01-19T11:37:27","guid":{"rendered":"http:\/\/www.soeren-in-norwegen.net\/blog\/?p=5612"},"modified":"2015-08-02T22:09:44","modified_gmt":"2015-08-02T20:09:44","slug":"ist-es-moeglich-dass-jemand-selber-nicht-weiss-was-er-denkt","status":"publish","type":"post","link":"http:\/\/www.soeren-in-norwegen.net\/blog\/2016\/01\/ist-es-moeglich-dass-jemand-selber-nicht-weiss-was-er-denkt\/","title":{"rendered":"Ist es m\u00f6glich, da\u00df jemand selber nicht wei\u00df, was er denkt?"},"content":{"rendered":"<p>So fragte Dietmar Dath 2004 in seinem Artikel &#8222;<a href=\"http:\/\/www.faz.net\/aktuell\/feuilleton\/buecher\/rezensionen\/sachbuch\/ich-und-du-und-die-welt-dazu-1148964.html?printPagedArticle=true\" target=\"_blank\">Ich und du und die Welt dazu<\/a>&#8222;.<\/p>\n<p>Dann holt er etwas weiter aus:<\/p>\n<blockquote><p>Es gibt liberale Leute, die fest davon \u00fcberzeugt sind, keine Rassisten zu sein, und dennoch besorgt sind, da\u00df die Immobilienwerte fallen, wenn Ausl\u00e4nder in die Nachbarschaft ziehen.<\/p><\/blockquote>\n<p>Um zu einer ganz guten Beschreibung leider all zu vieler sog. &#8222;Bildungsbuerger&#8220; zu kommen:<\/p>\n<blockquote><p>Soweit Rassismus nicht einfach hei\u00dft &#8222;ein b\u00f6ser Mensch sein&#8220;, sondern &#8222;sich weigern, die Tatsache anzuerkennen, da\u00df ethnisch homogene Gemeinschaften keine Zukunft haben, wenn wir vern\u00fcnftig zusammenleben wollen&#8220;, irren sich diese Leute \u00fcber ihre eigene \u00dcberzeugung.<\/p><\/blockquote>\n<p>Man k\u00f8nnte meinen er schreibt ueber das Europa des Jahres 2015 :( .<br \/>\nUnd WEHE! da sagt jetzt nochmal jemand solche Sachen wie &#8222;pegida und so, dass konnte ja niemand ahnen&#8220;. Dietmar schrieb das in 2004!<\/p>\n<p>Jedenfalls, so weit so prima. Passt das Zitierte doch gut ins eigene Weltbild. Aber wir haben es hier mit eine Text von Dietmar Dath zu tun.<\/p>\n<blockquote><p>Man spiele dasselbe f\u00fcr andere unbeliebte subjektive Zust\u00e4nde wie &#8222;Geiz&#8220; oder &#8222;Neid&#8220; durch, [\u2026]<\/p><\/blockquote>\n<p>pfff \u2026 easypeasy<\/p>\n<blockquote><p>[\u2026] dann f\u00fcr angenehme und l\u00f6bliche wie &#8222;Liebe&#8220; und &#8222;Vorsicht&#8220;, [\u2026]<\/p><\/blockquote>\n<p>Jaaaaaa?<\/p>\n<blockquote><p>[\u2026] und man wird sehen, da\u00df das Verh\u00e4ltnis, das man zu den eigenen Einstellungen, Meinungen und Gedanken hat, zwar einzigartig ist, aber nicht weniger irrtumsanf\u00e4llig als dasjenige, das man zu den Meinungen anderer oder den Vorg\u00e4ngen in der Welt unterh\u00e4lt.<\/p><\/blockquote>\n<p>Verdammt! Er hat ja so recht. Aber das Wissen darum macht&#8217;s nicht einfacher das auch zu bemerken.<\/p>\n<p>ABER, und hier kommt der Clou (auch wenn der Zusammenhang zu den obigen Zitaten sich nicht auf den ersten Blick erschlieszt):<\/p>\n<blockquote><p>[\u2026] da\u00df Gedankenprozesse zwar [\u2026] in jedem einzelnen Fall mit physiologischen, neuroelektrischen Prozessen identisch sind, daraus aber noch lange <strong>nicht folgt<\/strong>, da\u00df es etwas so Spiritistisches wie &#8222;psychophysische Gesetze&#8220; geben m\u00fcsse, die es etwa erlauben w\u00fcrden, <strong>vom gegenw\u00e4rtigen Zustand eines Gehirns zwingend auf die n\u00e4chsten Gedanken zu schlie\u00dfen<\/strong>, die es denken wird.<\/p><\/blockquote>\n<p>Oder anders: wir haben einen freien Willen.<br \/>\nUnd auch wenn Propaganda scheinbare &#8222;psychophysische Gesetze&#8220; ausnutzt, so entscheiden wir uns immer noch selber, welcher Propaganda wir folgen.<\/p>\n<p>Positiv gesehen: Menschen k\u00f8nnen sich aendern. Wir als Gesellschaft muessen das nur wollen. Und all dies am besten ohne, dass unsere guten Ideen dabei selber zur <a href=\"http:\/\/www.soeren-in-norwegen.net\/blog\/2015\/11\/mich-betreffend\/\" target=\"_blank\">Ideologie<\/a> werden.<\/p>\n","protected":false},"excerpt":{"rendered":"<p>So fragte Dietmar Dath 2004 in seinem Artikel &#8222;Ich und du und die Welt dazu&#8222;. Dann holt er etwas weiter aus: Es gibt liberale Leute, die fest davon \u00fcberzeugt sind, keine Rassisten zu sein, und dennoch besorgt sind, da\u00df die Immobilienwerte fallen, wenn Ausl\u00e4nder in die Nachbarschaft ziehen. Um zu einer ganz guten Beschreibung leider [&hellip;]<\/p>\n","protected":false},"author":2,"featured_media":0,"comment_status":"open","ping_status":"open","sticky":false,"template":"","format":"standard","meta":[],"categories":[22],"tags":[],"_links":{"self":[{"href":"http:\/\/www.soeren-in-norwegen.net\/blog\/wp-json\/wp\/v2\/posts\/5612"}],"collection":[{"href":"http:\/\/www.soeren-in-norwegen.net\/blog\/wp-json\/wp\/v2\/posts"}],"about":[{"href":"http:\/\/www.soeren-in-norwegen.net\/blog\/wp-json\/wp\/v2\/types\/post"}],"author":[{"embeddable":true,"href":"http:\/\/www.soeren-in-norwegen.net\/blog\/wp-json\/wp\/v2\/users\/2"}],"replies":[{"embeddable":true,"href":"http:\/\/www.soeren-in-norwegen.net\/blog\/wp-json\/wp\/v2\/comments?post=5612"}],"version-history":[{"count":2,"href":"http:\/\/www.soeren-in-norwegen.net\/blog\/wp-json\/wp\/v2\/posts\/5612\/revisions"}],"predecessor-version":[{"id":5614,"href":"http:\/\/www.soeren-in-norwegen.net\/blog\/wp-json\/wp\/v2\/posts\/5612\/revisions\/5614"}],"wp:attachment":[{"href":"http:\/\/www.soeren-in-norwegen.net\/blog\/wp-json\/wp\/v2\/media?parent=5612"}],"wp:term":[{"taxonomy":"category","embeddable":true,"href":"http:\/\/www.soeren-in-norwegen.net\/blog\/wp-json\/wp\/v2\/categories?post=5612"},{"taxonomy":"post_tag","embeddable":true,"href":"http:\/\/www.soeren-in-norwegen.net\/blog\/wp-json\/wp\/v2\/tags?post=5612"}],"curies":[{"name":"wp","href":"https:\/\/api.w.org\/{rel}","templated":true}]}}