{"id":5474,"date":"2015-11-24T01:13:36","date_gmt":"2015-11-23T23:13:36","guid":{"rendered":"http:\/\/www.soeren-in-norwegen.net\/blog\/?p=5474"},"modified":"2015-11-20T09:47:11","modified_gmt":"2015-11-20T07:47:11","slug":"konsequenzen","status":"publish","type":"post","link":"http:\/\/www.soeren-in-norwegen.net\/blog\/2015\/11\/konsequenzen\/","title":{"rendered":"Konsequenzen"},"content":{"rendered":"<p>Technik \u2026 Innovation \u2026 Wirtschaftlichkeit \u2026 \u2026 \u2026 Arbeitsplaetze? \u2026 gute Zukunftsaussichten? \u2026 Partizipation an der Gesellschaft?<\/p>\n<blockquote><p>Als \u00d6konomen wie Joseph Schumpeter die Innovationskrise entdeckten, n\u00e4mlich die Tatsache, da\u00df <strong>alles, was die Produktivit\u00e4t erh\u00f6ht, auch Kosten schafft<\/strong>, n\u00e4mlich die zur Abfindung \u00fcberfl\u00fcssig gewordener Arbeitskr\u00e4fte, dachten sie nicht gleich daran, da\u00df zu diesen Modernisierungskosten zunehmend solche f\u00fcr <strong>Polizei, Miliz und Gef\u00e4ngnis<\/strong> geh\u00f6ren w\u00fcrden.<\/p><\/blockquote>\n<p>So schreibt Dietmar in seinem Artikel &#8222;<a href=\"http:\/\/www.faz.net\/aktuell\/feuilleton\/debatten\/im-ausnahmezustand-brandmodernisierung-1293816.html\" target=\"_blank\">Brandmodernisierung<\/a>&#8222;. Das wom\u00f8glich sichtbarste Beispiel der Innovation ist<\/p>\n<blockquote><p>[\u2026] [ein] Zyklus von Aufbegehren und Erschlaffung in den Elendsg\u00fcrteln<\/p><\/blockquote>\n<p>Aber dann wird er pessimistisch:<\/p>\n<blockquote><p>Man w\u00fctet, <strong>nichts bessert sich<\/strong>, also l\u00e4\u00dft es nach. Dann ergibt sich irgendein neuer Anla\u00df, man w\u00fctet wieder und so fort. [\u2026]<\/p><\/blockquote>\n<p>Abschlieszend dann ein Appell an die Techniker, mehr zur Diskussion beizutragen:<\/p>\n<blockquote><p><strong>Wenn eine Gesellschaft, die so hochindustrialisiert ist wie die hiesige, keine andere Form des Gesellschaftszusammenhangs erfinden kann als die Lohnarbeit, mu\u00df sie mit solchen Zyklen leben.<\/strong><\/p><\/blockquote>\n<p>Oder anders: Menschen sterben und werden weiterhin sterben wg. &#8222;besserer&#8220; Technologie! Und zwar so lange, wie die eigentlichen Probleme nicht gel\u00f8st werden!<\/p>\n<p>Weiteres dazu bspw. <a href=\"http:\/\/www.soeren-in-norwegen.net\/blog\/2012\/11\/arbeitsloses-pack-die-faulen-schweine-die\/\" target=\"_blank\">hier<\/a> und <a href=\"http:\/\/www.soeren-in-norwegen.net\/blog\/2014\/06\/arbeit-welche-arbeit\/\" target=\"_blank\">hier<\/a> als direkteste Beitraege zu diesem Thema.<\/p>\n","protected":false},"excerpt":{"rendered":"<p>Technik \u2026 Innovation \u2026 Wirtschaftlichkeit \u2026 \u2026 \u2026 Arbeitsplaetze? \u2026 gute Zukunftsaussichten? \u2026 Partizipation an der Gesellschaft? Als \u00d6konomen wie Joseph Schumpeter die Innovationskrise entdeckten, n\u00e4mlich die Tatsache, da\u00df alles, was die Produktivit\u00e4t erh\u00f6ht, auch Kosten schafft, n\u00e4mlich die zur Abfindung \u00fcberfl\u00fcssig gewordener Arbeitskr\u00e4fte, dachten sie nicht gleich daran, da\u00df zu diesen Modernisierungskosten zunehmend solche [&hellip;]<\/p>\n","protected":false},"author":2,"featured_media":0,"comment_status":"open","ping_status":"open","sticky":false,"template":"","format":"standard","meta":[],"categories":[8],"tags":[],"_links":{"self":[{"href":"http:\/\/www.soeren-in-norwegen.net\/blog\/wp-json\/wp\/v2\/posts\/5474"}],"collection":[{"href":"http:\/\/www.soeren-in-norwegen.net\/blog\/wp-json\/wp\/v2\/posts"}],"about":[{"href":"http:\/\/www.soeren-in-norwegen.net\/blog\/wp-json\/wp\/v2\/types\/post"}],"author":[{"embeddable":true,"href":"http:\/\/www.soeren-in-norwegen.net\/blog\/wp-json\/wp\/v2\/users\/2"}],"replies":[{"embeddable":true,"href":"http:\/\/www.soeren-in-norwegen.net\/blog\/wp-json\/wp\/v2\/comments?post=5474"}],"version-history":[{"count":2,"href":"http:\/\/www.soeren-in-norwegen.net\/blog\/wp-json\/wp\/v2\/posts\/5474\/revisions"}],"predecessor-version":[{"id":5478,"href":"http:\/\/www.soeren-in-norwegen.net\/blog\/wp-json\/wp\/v2\/posts\/5474\/revisions\/5478"}],"wp:attachment":[{"href":"http:\/\/www.soeren-in-norwegen.net\/blog\/wp-json\/wp\/v2\/media?parent=5474"}],"wp:term":[{"taxonomy":"category","embeddable":true,"href":"http:\/\/www.soeren-in-norwegen.net\/blog\/wp-json\/wp\/v2\/categories?post=5474"},{"taxonomy":"post_tag","embeddable":true,"href":"http:\/\/www.soeren-in-norwegen.net\/blog\/wp-json\/wp\/v2\/tags?post=5474"}],"curies":[{"name":"wp","href":"https:\/\/api.w.org\/{rel}","templated":true}]}}