{"id":5302,"date":"2015-09-08T03:33:36","date_gmt":"2015-09-08T01:33:36","guid":{"rendered":"http:\/\/www.soeren-in-norwegen.net\/blog\/?p=5302"},"modified":"2015-07-20T21:11:23","modified_gmt":"2015-07-20T19:11:23","slug":"zu-ethik","status":"publish","type":"post","link":"http:\/\/www.soeren-in-norwegen.net\/blog\/2015\/09\/zu-ethik\/","title":{"rendered":"Zu Ethik"},"content":{"rendered":"<p>Heute m\u00f8chte ich gerne auf\u00a0Hermann Rampachers &#8222;<a href=\"http:\/\/www.rampacher.de\/frameset_d_8.html\" target=\"_blank\">Gewissens- oder Verantwortungsethik? &#8211; Gemeinverst\u00e4ndlicher Entwurf einer empirisch-normativen Risikoethik<\/a>&#8220; eingehen. Natuerlich wie so oft gespickt mit meinen eigenen Gedanken dazu.<\/p>\n<p>Hier erstmal ein Link zur <a href=\"https:\/\/de.wikipedia.org\/wiki\/Gesinnungsethik\" target=\"_blank\">Gewissens- (oder auch Gesinnungs-)<\/a> und ein anderer Link zur <a href=\"https:\/\/de.wikipedia.org\/wiki\/Verantwortungsethik\" target=\"_blank\">Verantwortungsethik<\/a>.<\/p>\n<p>Wenn nicht anders angegeben sind alle Zitate aus dem Rampacherschen Artikel;\u00a0 Hervorhebungen sind von mir.<\/p>\n<p>Ein kurzer Abriss (ohne weiterfuehrende Links):<\/p>\n<blockquote><p>F\u00fcr Moralphilosophie oder religi\u00f6se Versionen der Ethik hat Max Weber 1919 den Begriff &#8222;Gesinnungsethik&#8220; gepr\u00e4gt. Ihn konfrontiert er mit dem der &#8222;Verantwortungsethik&#8220;. In seinem Vortrag &#8222;Politik als Beruf&#8220; sagt Weber: Es ist &#8222;ein abgrundtiefer Gegensatz, ob man unter der gesinnungsethischen Maxime handelt &#8211; religi\u00f6s geredet: &#8218;<strong>Der Christ tut recht und stellt den Erfolg Gott anheim<\/strong>&#8218; &#8211; oder unter der verantwortungsethischen: dass man f\u00fcr die (voraussehbaren) Folgen seines Handelns aufzukommen hat.<\/p><\/blockquote>\n<p>Warum diese Hervorhebung ? Nun ja, <a href=\"http:\/\/www.bpb.de\/nachschlagen\/gesetze\/grundgesetz\/44189\/iii-der-bundestag-art-38-49\" target=\"_blank\">deswegen<\/a>:<\/p>\n<blockquote><p>Die Abgeordneten des Deutschen Bundestages [\u2026] sind [\u2026] nur ihrem Gewissen unterworfen.<\/p><\/blockquote>\n<p>Rampacher schreibt dann weiter:<\/p>\n<blockquote><p>Bei diesem Wortlaut wird offenbar der Gewissensethik dogmatisch ein Vorrang vor der Verantwortungsethik einger\u00e4umt.<\/p><\/blockquote>\n<p>Nach den Vorstellungen der CDU\/CSU, haben die also mit ihrer Politik alles richtig gemacht. Ihre Politik ist ihrem Gewissen unterworfen und ihr &#8222;Gewissen&#8220; muessen sie nur vor ihrem gott verantworten und nicht vor ihren Waehlern oder gar der Nachwelt. \u2026 Sch\u00f8ne Scheisze!<\/p>\n<p>Aber dazu nicht weiter.<\/p>\n<p>Einen ganz anderen Zusammenhang hat das folgende Zitat:<\/p>\n<blockquote><p>Wir k\u00f6nnen nur jemand tadeln, er habe seine Pflicht nicht erf\u00fcllt, der k\u00f6rperlich, geistig, von seinen Kompetenzen und Erfahrungen her \u00fcberhaupt in der Lage gewesen w\u00e4re, die gebotenen Taten auszuf\u00fchren.<\/p><\/blockquote>\n<p>Seitdem ich dies realisierte (nicht erst nachdem ich diesen Artikel las; es war ein recht langer und langsamer Prozess) versuche ich weniger &#8222;giftig&#8220; zu sein.<br \/>\nWenn bswp. jemand einfach nichts ueber die Konsequenzen der &#8222;Teilens im Internet&#8220; weisz, weil sie oder er nichts darueber gelesen hat, dann versuche ich da nicht mehr mit erhobenem Zeigefinger zu stehen und zu sagen, dass doch bitte das facebookkonto gel\u00f8scht werden soll.<\/p>\n<p>Das versuche ich wirklich.<br \/>\nWas ich aber machen kann, ist die n\u00f8tigen Informationen zu liefern, damit eben die &#8222;Kompetenz&#8220; sich aufbauen kann, um gebotene Handlungen auszufuehren. Und dann sind Handlungsvorschlaege v\u00f8llig legitim.<\/p>\n<p>Nun mal von der anderen Seite betrachtet. Was ist, wenn eben diese Kompetenzen und Erfahrungen vorhanden sind?<\/p>\n<blockquote><p>[\u2026] Taten, die notwendig sind, Risiken zu reduzieren, die dem globalen \u00dcberleben drohen, sind denen pflichtm\u00e4\u00dfig geboten, die sie als Akteure aufgrund ihrer Kompetenzen, ihrer Erfahrung und der ihnen zur Verf\u00fcgung stehenden Mittel ausf\u00fchren k\u00f6nnten.&#8220;<\/p><\/blockquote>\n<p>Da stellt sich natuerlich die Frage, des Fleischkonsums und der Urlaubsreise. Andererseits steht dort ja nur &#8222;reduzieren&#8220;. Damit kann ich mich natuerlich rausreden.<\/p>\n<p>Halte ich mich daueberhaupt selber dran? \u2026 mhmmmmm \u2026 gute Frage. Ich weisz es nicht. Deswegen bin ich immer <a href=\"http:\/\/www.soeren-in-norwegen.net\/blog\/2014\/05\/kritik-ist-menschenpflicht-des-buergers\/\" target=\"_blank\">dankbar fuer Kritik<\/a> an meinen Aussagen und Handlungen.<\/p>\n<p>Denn meine Handlungen hat kein anthropomorphes Ueberwesen so gewollt im &#8222;groszen Plan des Universums&#8220;. Ich bin i.A. selbst dafuer und somit auch fuer die Konsequenzen verantwortlich. Niemand anders. Natuerlich gibt es Aussnahmen, aber die sind von Fall zu Fall genau zu untersuchen.<\/p>\n","protected":false},"excerpt":{"rendered":"<p>Heute m\u00f8chte ich gerne auf\u00a0Hermann Rampachers &#8222;Gewissens- oder Verantwortungsethik? &#8211; Gemeinverst\u00e4ndlicher Entwurf einer empirisch-normativen Risikoethik&#8220; eingehen. Natuerlich wie so oft gespickt mit meinen eigenen Gedanken dazu. Hier erstmal ein Link zur Gewissens- (oder auch Gesinnungs-) und ein anderer Link zur Verantwortungsethik. Wenn nicht anders angegeben sind alle Zitate aus dem Rampacherschen Artikel;\u00a0 Hervorhebungen sind von [&hellip;]<\/p>\n","protected":false},"author":2,"featured_media":0,"comment_status":"open","ping_status":"open","sticky":false,"template":"","format":"standard","meta":[],"categories":[22],"tags":[],"_links":{"self":[{"href":"http:\/\/www.soeren-in-norwegen.net\/blog\/wp-json\/wp\/v2\/posts\/5302"}],"collection":[{"href":"http:\/\/www.soeren-in-norwegen.net\/blog\/wp-json\/wp\/v2\/posts"}],"about":[{"href":"http:\/\/www.soeren-in-norwegen.net\/blog\/wp-json\/wp\/v2\/types\/post"}],"author":[{"embeddable":true,"href":"http:\/\/www.soeren-in-norwegen.net\/blog\/wp-json\/wp\/v2\/users\/2"}],"replies":[{"embeddable":true,"href":"http:\/\/www.soeren-in-norwegen.net\/blog\/wp-json\/wp\/v2\/comments?post=5302"}],"version-history":[{"count":1,"href":"http:\/\/www.soeren-in-norwegen.net\/blog\/wp-json\/wp\/v2\/posts\/5302\/revisions"}],"predecessor-version":[{"id":5303,"href":"http:\/\/www.soeren-in-norwegen.net\/blog\/wp-json\/wp\/v2\/posts\/5302\/revisions\/5303"}],"wp:attachment":[{"href":"http:\/\/www.soeren-in-norwegen.net\/blog\/wp-json\/wp\/v2\/media?parent=5302"}],"wp:term":[{"taxonomy":"category","embeddable":true,"href":"http:\/\/www.soeren-in-norwegen.net\/blog\/wp-json\/wp\/v2\/categories?post=5302"},{"taxonomy":"post_tag","embeddable":true,"href":"http:\/\/www.soeren-in-norwegen.net\/blog\/wp-json\/wp\/v2\/tags?post=5302"}],"curies":[{"name":"wp","href":"https:\/\/api.w.org\/{rel}","templated":true}]}}