{"id":5014,"date":"2015-05-14T02:21:59","date_gmt":"2015-05-14T00:21:59","guid":{"rendered":"http:\/\/www.soeren-in-norwegen.net\/blog\/?p=5014"},"modified":"2015-02-27T13:20:30","modified_gmt":"2015-02-27T11:20:30","slug":"den-himmel-stuermen","status":"publish","type":"post","link":"http:\/\/www.soeren-in-norwegen.net\/blog\/2015\/05\/den-himmel-stuermen\/","title":{"rendered":"Den Himmel stuermen"},"content":{"rendered":"<p>Und zwei letzte Zitate aus &#8222;<a title=\"stanislaw-lem.de - SF im Allgemeinen und Lem im Besonderen\" href=\"http:\/\/www.stanislaw-lem.de\/examen\/examen.shtml\" target=\"_blank\">SF im Allgemeinen und Lem im Besonderen<\/a>&#8222;.<\/p>\n<blockquote><p>In Huxleys Version [Anm.: gemeint ist der Roman &#8222;A Brave New World&#8220;] [\u2026] bedarf es keines Gro\u00dfen Bruders [\u2026]. Er rechnete mit der M\u00f6glichkeit, da\u00df die Menschen anfangen, ihre Unterdr\u00fcckung zu lieben und die Technologien anzubeten, die ihre Denkf\u00e4higkeit zunichte machen. [\u2026]<\/p>\n<p>Orwell f\u00fcrchtete jene, die dem Menschen Informationen vorenthalten; Huxley die, die die \u00d6ffentlichkeit mit Informationen so \u00fcberh\u00e4ufen, da\u00df man sich vor ihnen nur in Passivit\u00e4t und Selbstbespiegelung retten kann.<\/p><\/blockquote>\n<p>Selbstbespiegelung und Passivitaet &#8211; Trotz des vielen (mMn leeren) Gestammels, warum es denn so &#8222;revolutionaer&#8220; und &#8222;wichtig fuer moderne Kommunikation&#8220; waere, erinnert mich dies doch alles sehr an Twitter (als prominentesten Vertreter nenne ich nur dies). Als Beispiel mag da &#8222;<a title=\"spon - Twitter-Spott \u00fcber Pegida: Schlimm, was dieser Schnee aus unserem Land macht...\" href=\"http:\/\/www.spiegel.de\/netzwelt\/web\/schneegida-mit-ironie-gegen-pediga-a-1010559.html\" target=\"_blank\">Schneegida<\/a>&#8220; dienen. Meiner Meinung nach ein Paradebeispiel der Selbstbespiegelung und Passivitaet. Aber ich mag nicht weiter in diese Richtung abschweifen.<\/p>\n<p>Denn all dies ist sch\u00f8ner zusammengefasst in diesem Zitat:<\/p>\n<blockquote><p>[\u2026] der Menschheit [bleiben] im Umgang mit Technologie nur zwei M\u00f6glichkeiten [\u2026]: entweder mu\u00df sie \u201eden Himmel st\u00fcrmen\u201c, oder sich abkapseln und die Technologie zur eigenen Bequemlichkeit nutzen.<\/p><\/blockquote>\n<p>Und wo ist sie denn? Die naechste Mondlandung? Diese Frage ist sowohl im technischen, als auch im gesellschaftlichen Sinne gemeint. Sind es die neuen <del>Smart<\/del> Spionagetelefone? Technisch k\u00f8nnte es die Energiewende sein, aber gesellschaftlich ist sie es nicht.<\/p>\n<p>Ach verdammter Mist :( \u2026 so negativ \u2026 so kompliziert \u2026 so viel \u2026 ich breche an dieser Stelle ab. Ich mag gerade nicht mehr. Die Begruendungen fuer das jeweils eigene Verhalten sind zu &#8222;wasserdicht&#8220; \u2026 und <a title=\"Wir brauchen neue Dogmen \u2026\" href=\"http:\/\/www.soeren-in-norwegen.net\/blog\/2014\/09\/wir-brauchen-neue-dogmen\/\" target=\"_blank\">auszerdem \u2026 <\/a><\/p>\n","protected":false},"excerpt":{"rendered":"<p>Und zwei letzte Zitate aus &#8222;SF im Allgemeinen und Lem im Besonderen&#8222;. In Huxleys Version [Anm.: gemeint ist der Roman &#8222;A Brave New World&#8220;] [\u2026] bedarf es keines Gro\u00dfen Bruders [\u2026]. Er rechnete mit der M\u00f6glichkeit, da\u00df die Menschen anfangen, ihre Unterdr\u00fcckung zu lieben und die Technologien anzubeten, die ihre Denkf\u00e4higkeit zunichte machen. [\u2026] Orwell [&hellip;]<\/p>\n","protected":false},"author":2,"featured_media":0,"comment_status":"open","ping_status":"open","sticky":false,"template":"","format":"standard","meta":[],"categories":[1],"tags":[],"_links":{"self":[{"href":"http:\/\/www.soeren-in-norwegen.net\/blog\/wp-json\/wp\/v2\/posts\/5014"}],"collection":[{"href":"http:\/\/www.soeren-in-norwegen.net\/blog\/wp-json\/wp\/v2\/posts"}],"about":[{"href":"http:\/\/www.soeren-in-norwegen.net\/blog\/wp-json\/wp\/v2\/types\/post"}],"author":[{"embeddable":true,"href":"http:\/\/www.soeren-in-norwegen.net\/blog\/wp-json\/wp\/v2\/users\/2"}],"replies":[{"embeddable":true,"href":"http:\/\/www.soeren-in-norwegen.net\/blog\/wp-json\/wp\/v2\/comments?post=5014"}],"version-history":[{"count":2,"href":"http:\/\/www.soeren-in-norwegen.net\/blog\/wp-json\/wp\/v2\/posts\/5014\/revisions"}],"predecessor-version":[{"id":5016,"href":"http:\/\/www.soeren-in-norwegen.net\/blog\/wp-json\/wp\/v2\/posts\/5014\/revisions\/5016"}],"wp:attachment":[{"href":"http:\/\/www.soeren-in-norwegen.net\/blog\/wp-json\/wp\/v2\/media?parent=5014"}],"wp:term":[{"taxonomy":"category","embeddable":true,"href":"http:\/\/www.soeren-in-norwegen.net\/blog\/wp-json\/wp\/v2\/categories?post=5014"},{"taxonomy":"post_tag","embeddable":true,"href":"http:\/\/www.soeren-in-norwegen.net\/blog\/wp-json\/wp\/v2\/tags?post=5014"}],"curies":[{"name":"wp","href":"https:\/\/api.w.org\/{rel}","templated":true}]}}