{"id":4153,"date":"2014-08-27T02:22:00","date_gmt":"2014-08-27T00:22:00","guid":{"rendered":"http:\/\/www.soeren-in-norwegen.net\/blog\/?p=4153"},"modified":"2014-08-27T15:30:34","modified_gmt":"2014-08-27T13:30:34","slug":"andere-kriterien","status":"publish","type":"post","link":"http:\/\/www.soeren-in-norwegen.net\/blog\/2014\/08\/andere-kriterien\/","title":{"rendered":"Andere Kriterien"},"content":{"rendered":"<p lang=\"zxx\" style=\"margin-bottom: 0in;\">Weswegen tue ich mir eigentlich immer all die &#8222;trockenen Allgemeinplaetze&#8220; an?<\/p>\n<p lang=\"zxx\" style=\"margin-bottom: 0in;\">Dazu meint Dietmar in &#8222;<a title=\"faz.net - Mein erstes Weihnachten\" href=\"http:\/\/www.faz.net\/aktuell\/feuilleton\/geisteswissenschaften\/christenheit-mein-erstes-weihnachten-1383725.html\" target=\"_blank\">Mein erstes Weihnachten<\/a>&#8222;, \u2026<\/p>\n<blockquote>\n<p lang=\"zxx\" style=\"margin-bottom: 0in;\">[dass] es zur Beurteilung der Angemessenheit oder Verwerflichkeit von Handlungen und \u00c4u\u00dferungen [\u2026] andere Kriterien gibt als traditionelle, kulturelle, religi\u00f6se, ethnische, geographische, kurz: solche des Geburtszufalls, n\u00e4mlich diejenigen der Menschenrechte, des schl\u00fcssigen Argumentierens und verwandter trockener Gemeinpl\u00e4tze der Aufkl\u00e4rung, [\u2026].<\/p>\n<\/blockquote>\n","protected":false},"excerpt":{"rendered":"<p>Weswegen tue ich mir eigentlich immer all die &#8222;trockenen Allgemeinplaetze&#8220; an? Dazu meint Dietmar in &#8222;Mein erstes Weihnachten&#8222;, \u2026 [dass] es zur Beurteilung der Angemessenheit oder Verwerflichkeit von Handlungen und \u00c4u\u00dferungen [\u2026] andere Kriterien gibt als traditionelle, kulturelle, religi\u00f6se, ethnische, geographische, kurz: solche des Geburtszufalls, n\u00e4mlich diejenigen der Menschenrechte, des schl\u00fcssigen Argumentierens und verwandter trockener [&hellip;]<\/p>\n","protected":false},"author":2,"featured_media":0,"comment_status":"open","ping_status":"open","sticky":false,"template":"","format":"standard","meta":[],"categories":[22],"tags":[],"_links":{"self":[{"href":"http:\/\/www.soeren-in-norwegen.net\/blog\/wp-json\/wp\/v2\/posts\/4153"}],"collection":[{"href":"http:\/\/www.soeren-in-norwegen.net\/blog\/wp-json\/wp\/v2\/posts"}],"about":[{"href":"http:\/\/www.soeren-in-norwegen.net\/blog\/wp-json\/wp\/v2\/types\/post"}],"author":[{"embeddable":true,"href":"http:\/\/www.soeren-in-norwegen.net\/blog\/wp-json\/wp\/v2\/users\/2"}],"replies":[{"embeddable":true,"href":"http:\/\/www.soeren-in-norwegen.net\/blog\/wp-json\/wp\/v2\/comments?post=4153"}],"version-history":[{"count":3,"href":"http:\/\/www.soeren-in-norwegen.net\/blog\/wp-json\/wp\/v2\/posts\/4153\/revisions"}],"predecessor-version":[{"id":4306,"href":"http:\/\/www.soeren-in-norwegen.net\/blog\/wp-json\/wp\/v2\/posts\/4153\/revisions\/4306"}],"wp:attachment":[{"href":"http:\/\/www.soeren-in-norwegen.net\/blog\/wp-json\/wp\/v2\/media?parent=4153"}],"wp:term":[{"taxonomy":"category","embeddable":true,"href":"http:\/\/www.soeren-in-norwegen.net\/blog\/wp-json\/wp\/v2\/categories?post=4153"},{"taxonomy":"post_tag","embeddable":true,"href":"http:\/\/www.soeren-in-norwegen.net\/blog\/wp-json\/wp\/v2\/tags?post=4153"}],"curies":[{"name":"wp","href":"https:\/\/api.w.org\/{rel}","templated":true}]}}