{"id":2822,"date":"2013-06-14T07:07:57","date_gmt":"2013-06-14T05:07:57","guid":{"rendered":"http:\/\/www.soeren-in-norwegen.net\/blog\/?p=2822"},"modified":"2013-06-13T18:54:39","modified_gmt":"2013-06-13T16:54:39","slug":"thats-not-my-department","status":"publish","type":"post","link":"http:\/\/www.soeren-in-norwegen.net\/blog\/2013\/06\/thats-not-my-department\/","title":{"rendered":"That&#8217;s not my department"},"content":{"rendered":"<p>Heiszt &#8222;<a title=\"LeSpocky.de - post PRISM pragmatism\" href=\"http:\/\/www.lespocky.de\/blog\/2013\/post-prism-pragmatism\/\" target=\"_blank\">M\u00fcndigkeit im Zeitalter des Internet<\/a> [\u2026] Linux beherrschen, Programmieren k\u00f6nnen&#8220;?<\/p>\n<p>Und dass alle anderen &#8222;ausgeliefert sind&#8220;?<\/p>\n<p>(Achtung, der originale Artikel zu dem Zitat ist hinter dem ersten Link, in dem von mir verlinkten Beitrag).<\/p>\n<p>Ich stimme dem (originalen) Autor durchaus zu, dass das eine elitaere Meinung ist.<\/p>\n<p>Aber dazu sage ich nur: <a title=\"youtube - Tom Lehrer - Wernher von Braun\" href=\"http:\/\/www.youtube.com\/watch?v=QEJ9HrZq7Ro\" target=\"_blank\">Elitaer &#8211; Schmelitaer!<\/a><\/p>\n<p>Das hinter dem Link stehende Video ist natuerlich nicht w\u00f8rtlich, aber im uebetragenen Sinne zu verstehen. Meiner Meinung nach, sagt der Autor damit zwar teilweise die Wahrheit (dass man sich nicht mehr vor Technologie verstecken kann, weil sie sonst gegen einen eingesetzt wird), aber es schwingt auch das Folgende mit: was kuemmert mich, dass die Freiheit meines Nachbarn eingeschraenkt wird? Wenn der nicht programmieren lernen will, dann ist das doch nicht meine Schuld. Die Elite kann doch nichts fuer die im Dreck!<br \/>\nOder anders: That&#8217;s not my department.<\/p>\n<p>Ich m\u00f8chte an dieser Stelle dem originalen Autor ENTSCHIEDEN widersprechen, dass Muendigkeit im sog. &#8222;digitalen Zeitalter&#8220; elitaer ist!<br \/>\nMuendigkeit an sich war noch NIEMALS auf die Elite beschraenkt. Die Elite hatte es nur unendlich viel einfacher die Muendigkeit auch wahr zu nehmen.<\/p>\n<p>Oft genug werden Menschen Opfer der Umstaende, aber ganz prinzipiell k\u00f8nnen immer alle Menschen muendig werden. Denn <a title=\"Zeit.de - Theodor W. Adorno: Kritik\" href=\"http:\/\/www.zeit.de\/1969\/26\/kritik\" target=\"_blank\">nach Adorno<\/a> ist<\/p>\n<blockquote><p>\u201eM\u00fcndig [\u2026] der, der f\u00fcr sich selbst spricht, weil er f\u00fcr sich selbst gedacht hat und nicht blo\u00df nachredet [\u2026]. Das erweist sich aber an der Kraft zum Widerstand gegen vorgegebene Meinungen [\u2026] Solcher Widerstand, [\u2026] ist eins mit Kritik, deren Begriff ja vom griechischen &#8218;krino&#8216;, Entscheiden, herr\u00fchrt.\u201c<\/p><\/blockquote>\n<p>Inwiefern soll dies auf die Elite beschraenkt sein? Seit wann ist selber denken nur den 0,1% vorbehalten. Die Sache mit dem &#8222;entscheiden&#8220; kann dann nochmal schwerer werden. Aber deswegen schrieb ich ja, dass viele Menschen &#8222;Opfer der Umstaende&#8220; werden und, dass es fuer der Elite so viel einfacher ist, die Muendigkeit auch wahr zu nehmen.<\/p>\n<p>Aber hieraus folgt dann auch, warum ich so ENTSCHIEDEN gegen das bin, was der (originale) Autor schrieb.<\/p>\n<p>Durch den Computer im Zusammenhang mit dem Internet gibt es zum ersten Mal in der Geschichte der Menschheit ein Werkzeug um seiner Muendigkeit Ausdruck zu verleihen, welches NICHT elitaer ist.<br \/>\nMan braucht nicht zur &#8222;programmierenden Elite&#8220; geh\u00f8ren, um dieses Werkzeug gebrauchen zu k\u00f8nnen!<br \/>\nKEINE andere Technologie vorher erlaubte dies. Auch der Buchdruck nicht. Und wenn man mal bedenkt, was die Erfindung des modernen Buchdrucks erm\u00f8glichte\u00a0 (naemlich das Zeitalter der Aufklaerung), dann kann man schon sehr gespannt in die Zukunft blicken. Trotz all der Rueckschlaege der letzten Jahre auf diesem Gebiet.<\/p>\n<p>Weder Computer noch das Internet werden jemals wieder den Menschen entzogen werden. Auch wenn es vielleicht so aussieht.<br \/>\nDadurch kann dieses maechtige, nicht elitaere Werkzeug auch bis in alle Ewigkeit von Oma und Opa\u00a0gebraucht werden um deren Muendigkeit Ausdruck verleihen.<\/p>\n<p>Beweise? Mhm \u2026 ich kann nicht programmieren und ich wage auch nicht zu behaupten, dass ich &#8222;Linux kann&#8220;. Das hat mich aber nicht davon abgehalten, <a title=\"Mein Tag heute\" href=\"http:\/\/www.soeren-in-norwegen.net\/blog\/2013\/06\/mein-tag-heute\/\" target=\"_blank\">meiner Muendigkeit Ausdruck zu verleihen<\/a>.<\/p>\n<p>Um dies abzuschlieszen: JA, es ist NICHT Aufgabe der &#8222;programmierenden Elite&#8220;, dazu beizutragen, dass die Buerger ihre Muendigkeit wahrnehmen k\u00f8nnen.<br \/>\nDas waere allzu schrecklich, denn dadurch wuerde naemlich nur die naechste Elite ausgebildet werden, die genau so weiter macht, wie bisher. Dieses Verhalten haben Eliten so an sich.<\/p>\n<p>Um den Buergern zu helfen ihre Muendigkeit wahr zu nehmen, muss man aber bereit sein anzuerkennen, dass das eigene Steckenpferd eben gerade NICHT die Welt von sich allein rettet. Dass es eben NICHT ausreicht, selbst fuer sich alleine bspw. programmieren zu lernen.<br \/>\nPolitische und gesellschaftliche Aktionen weit abseits des Programmierens (oder aller anderen Technologie) sind naemlich zwingend (!) n\u00f8tig. Sei es allgemein verstaendliche Vortraege halten oder Demonstrationen organisieren, das Aufstellen von Hackercamps und Hackerspaces oder das Schreiben von Pressemitteilungen, oder auch auf Kinder aufpassen, damit die Eltern technologische Vortraege besuchen k\u00f8nnen etc. Und all dies muss zuerst geschehen, bevor man ueberhaupt damit anfangen kann, den Buergern die Technologie naeher zu bringen.<br \/>\nMan muss also von dem ganzen &#8222;Elitescheisz&#8220; Abstand nehmen und wieder ein Buerger unter Buergern sein, trotzdem man programmieren kann.<br \/>\nDenn ansonsten kommt all dieses Wissen nicht zum Buerger, sondern die &#8222;programmierende Elite&#8220; haelt Selbstgespraeche.<br \/>\nOder anders: OF COURSE it is my department!<\/p>\n<p>Interessant ist uebrigens, wie der (originale) Autor sich anscheinend auch zur Elite zaehlt. Ich denke die wahren 0.1% werden sich sch\u00f8n eins ins Faeustchen lachen darob solcher Hybris.<\/p>\n<p>Und ach so \u2026 Negativbeispiele k\u00f8nnen ja auch zu was gut sein. Deswegen an dieser Stelle (auch wenn es dem (originalen) Autor sicherlich nicht zukommen wird): danke fuer den Arschtritt, dass ich endlich mal das gemacht habe, was ich schon laenger machen wollte. So schwer ist das naemlich gar nicht, und das trotzdem ich nicht zur &#8222;Elite&#8220; geh\u00f8re.<\/p>\n","protected":false},"excerpt":{"rendered":"<p>Heiszt &#8222;M\u00fcndigkeit im Zeitalter des Internet [\u2026] Linux beherrschen, Programmieren k\u00f6nnen&#8220;? Und dass alle anderen &#8222;ausgeliefert sind&#8220;? (Achtung, der originale Artikel zu dem Zitat ist hinter dem ersten Link, in dem von mir verlinkten Beitrag). Ich stimme dem (originalen) Autor durchaus zu, dass das eine elitaere Meinung ist. Aber dazu sage ich nur: Elitaer &#8211; [&hellip;]<\/p>\n","protected":false},"author":2,"featured_media":0,"comment_status":"open","ping_status":"open","sticky":false,"template":"","format":"standard","meta":[],"categories":[22],"tags":[],"_links":{"self":[{"href":"http:\/\/www.soeren-in-norwegen.net\/blog\/wp-json\/wp\/v2\/posts\/2822"}],"collection":[{"href":"http:\/\/www.soeren-in-norwegen.net\/blog\/wp-json\/wp\/v2\/posts"}],"about":[{"href":"http:\/\/www.soeren-in-norwegen.net\/blog\/wp-json\/wp\/v2\/types\/post"}],"author":[{"embeddable":true,"href":"http:\/\/www.soeren-in-norwegen.net\/blog\/wp-json\/wp\/v2\/users\/2"}],"replies":[{"embeddable":true,"href":"http:\/\/www.soeren-in-norwegen.net\/blog\/wp-json\/wp\/v2\/comments?post=2822"}],"version-history":[{"count":8,"href":"http:\/\/www.soeren-in-norwegen.net\/blog\/wp-json\/wp\/v2\/posts\/2822\/revisions"}],"predecessor-version":[{"id":2830,"href":"http:\/\/www.soeren-in-norwegen.net\/blog\/wp-json\/wp\/v2\/posts\/2822\/revisions\/2830"}],"wp:attachment":[{"href":"http:\/\/www.soeren-in-norwegen.net\/blog\/wp-json\/wp\/v2\/media?parent=2822"}],"wp:term":[{"taxonomy":"category","embeddable":true,"href":"http:\/\/www.soeren-in-norwegen.net\/blog\/wp-json\/wp\/v2\/categories?post=2822"},{"taxonomy":"post_tag","embeddable":true,"href":"http:\/\/www.soeren-in-norwegen.net\/blog\/wp-json\/wp\/v2\/tags?post=2822"}],"curies":[{"name":"wp","href":"https:\/\/api.w.org\/{rel}","templated":true}]}}