{"id":2633,"date":"2013-05-22T16:40:10","date_gmt":"2013-05-22T14:40:10","guid":{"rendered":"http:\/\/www.soeren-in-norwegen.net\/blog\/?p=2633"},"modified":"2013-06-06T10:15:23","modified_gmt":"2013-06-06T08:15:23","slug":"ein-kommentar-wert-der-offentlichen-antwort","status":"publish","type":"post","link":"http:\/\/www.soeren-in-norwegen.net\/blog\/2013\/05\/ein-kommentar-wert-der-offentlichen-antwort\/","title":{"rendered":"Ein Kommentar, wert der \u00f8ffentlichen Antwort"},"content":{"rendered":"<p>Da Leserbriefe auch \u00f8ffentlich beantwortet werden, m\u00f8chte ich an dieser Stelle auf das Kommentar von Julia, zu <a title=\"KAUF DIESES PARFUEM!\" href=\"http:\/\/www.soeren-in-norwegen.net\/blog\/2013\/05\/kauf-dieses-parfuem\/\">diesem Beitrag<\/a>, eingehen.<br \/>\nDer Grund liegt darin, weil ich finde, dass dies ganz ganz im allgemeinen wichtige Fragen sind, die in diesem Zusammenhang immer wieder auftreten. Meist nur nicht so freundlich (oder klar) formuliert.<br \/>\nIm Speziellen nur fuer mich gilt dies natuerlich auch. Ich konnte da nicht einfach mal schnell eine Antwort &#8222;hinschmeiszen&#8220;. Ich musste wirklich ueberlegen, innerhalb welcher ethischen Richtlinien sich dieses spezielle Verhalten (das Ver\u00f8ffentlichen und &#8222;schimpfen&#8220; ueber derartige Reklame, bei gleichzeitigem &#8222;scharf finden&#8220; der abgebildeten Frauen darauf) meinerseits bewegt &#8211; vulgo: warum ich das mache.<\/p>\n<p>Danke Julia, fuer die sehr konstruktive Kritik. Die Antwort ist lang und kompliziert und ich kann vieles nur ganz kurz ansprechen. Aber es genau das, was ich denke\/meine\/fuehle.<\/p>\n<p>Genug der Vorrede, nun soll es los gehen.<\/p>\n<blockquote><p>Warum bist Du so emp\u00f6rt \u00fcber solche Werbung<\/p><\/blockquote>\n<p>Da musste ich doch erstmal nachdenken, ob ich das wirklich bin.<br \/>\nEhrlich gesagt, bin ich gar nicht emp\u00f8rt ueber solche Werbung. Ich freue mich ueber sch\u00f8n anzusehende Frauen die in aller \u00d8ffentlichkeit (und somit auch fuer mich) ihre k\u00f8rperlichen Reize darstellen. Hier ist uebrigens schon wieder der explizit sexuelle Kontext.<br \/>\nDa es mir auszerdem reichlich egal ist, was da beworben wird, denke ich, dass ich behaupten kann, dass ich nicht emp\u00f8rt bin ueber solche Werbung an sich, da ich mich pers\u00f8nlich nicht entwuerdigt dadurch fuehle.<\/p>\n<p>Was ich aber mache ist, dass ich mich ueber derartige Werbung emp\u00f8re. Meiner Meinung nach im Sinne St\u00e9phane Hessels und seiner Streitschrift <a title=\"Emp\u00f8rt Euch als PDF\" href=\"http:\/\/jerome-segal.de\/empoert_euch.pdf\" target=\"_blank\"><em>Emp\u00f8rt Euch!<\/em><\/a><br \/>\nAuch wenn es in dem Pamphlet (wertneutral) nicht um die wirklich und wahrhaftige Gleichberechtigung von Frauen geht, so denke ich, dass es doch auf vielerlei politische und gesellschaftliche Missstaende bezogen ist. Und da greift dann wieder <a title=\"Tue ich eigentlich genug um den ganzen Mist aufzuhalten?\" href=\"http:\/\/www.soeren-in-norwegen.net\/blog\/2013\/03\/tue-ich-eigentlich-genug-um-den-ganzen-mist-aufzuhalten\/\" target=\"_blank\">das hier<\/a>.<\/p>\n<p>Nun muss ich etwas ausholen<br \/>\nEs gibt viel Forschung und Artikel dazu, wie diskriminierend Sprache ist und wie sehr das unser aller Verhalten beeinflusst. <a title=\"Science Blogs - Der Effekt geschlechtsneutraler Sprache\" href=\"http:\/\/scienceblogs.de\/diaxs-rake\/2010\/10\/06\/der-effekt-geschlechtsneutraler-sprache\/\" target=\"_blank\">Hier<\/a> ist mal eine Art Uebersichtsartikel (danke LeSpocky). Lohnt sich zu lesen!<br \/>\nDies gilt insb. fuer die dtsch. Sprache, auch wenn das selbst von den &#8222;Betroffenen&#8220; immer wieder und gern abgesprochen wird. Das ist im uebrigen ein Grund, warum ich bspw. &#8222;Onkel google&#8220; (wg. negativer Assoziationen mit google) bzw. &#8222;Tante wikipedia&#8220; (wg. positiver Assoziationen mit wikipedia) schreibe oder warum ich ganz grundsaetzlich fuer das &#8222;-innen&#8220; bin. Das mag laecherlich wirken, aber wenn man nicht irgendwann mit anfaengt, dann wird sich nie was aendern. Und wer etwas anders macht, wird immer erstmal belaechelt von denen, die meinen, dass die Zustaende ja eigtl. ganz knorke sind.<\/p>\n<p>Wenn dies schon fuer Sprache gilt, so gilt dies doch um so mehr fuer Bilder, nicht wahr.<br \/>\nUnd deswegen emp\u00f8re ich mich darueber, denn ich finde es nicht in Ordnung, dass Frauen so, von der \u00d8ffentlichkeit toleriert, herabgewuerdigt werden.<br \/>\nWobei in diesen ganz speziellen Faellen natuerlich die Verbindung zu &#8222;sex sells&#8220; offensichtlich ist. Aber dies schrieb ich ja bereits im <a title=\"Scharfe Tanten\" href=\"http:\/\/www.soeren-in-norwegen.net\/blog\/2013\/02\/scharfe-tanten\/\" target=\"_blank\">einleitenden Beitrag<\/a> zu dieser Kategorie.<\/p>\n<p>Ich m\u00f8chte gern etwas abschweifen, aber dabei i.A. beim Thema bleiben.<\/p>\n<p>Ein anderes Beispiel waere, wenn fuer Werbung fuer (Volks)Belustigungen aller Art nur noch &#8222;Klischeeschwule&#8220; benutzt werden, weil diese sich im Laufe der juengeren Geschichte als besonders hervorragende Entertainer heraus gestellt haben.<\/p>\n<p>Apropos Schwule. Von der ganz offensichtlichen Diskriminierung abgesehen, ist da auch der, von der \u00d8ffentlichkeit vermutlich gar nicht wahrgenommene, die schlimmen Zustaende aber verfestigende,\u00a0 sprachliche Teil. Bei einem Schwulen wird immer seine sexuelle Orientierung mit genannt, wenn ueber ihn gesprochen wird. Welche Relevanz hat das? Keine!<br \/>\nDeswegen ist es meiner Meinung nach eine Herabwuerdigung, dass nicht ueberall und immerzu erwaehnt wird, dass ich (irgendwie hauptsaechlich) heterosexuell bin.<\/p>\n<p>Die gleiche Frage stellt sich bei dieser Art der Werbung. Welche Relevanz hat es, dass die Frauen gut aussehen und sehr oft sexuell erregend (mindestens unterbewusst und fuer Maenner) dargestellt werden, um das Produkt zu verkaufen? KEINE! Denn es hat ja auch keine Relevanz, dass da ueberhaupt Frauen drauf sind.<\/p>\n<p>Kurzer Exkurs: eine Ausnahme, von dieser ganz speziellen letzten Aussage, ist Reklame, wie sie bspw. auf den zwei folgenden Bildern gesehen werden kann:<\/p>\n<p><a href=\"http:\/\/www.soeren-in-norwegen.net\/blog\/wp-content\/uploads\/Freya.jpg\"><img decoding=\"async\" loading=\"lazy\" class=\"aligncenter size-full wp-image-2642\" alt=\"Freya\" src=\"http:\/\/www.soeren-in-norwegen.net\/blog\/wp-content\/uploads\/Freya.jpg\" width=\"800\" height=\"531\" \/><\/a><\/p>\n<p>Da hier Schwimmkleidung fuer Frauen beworben wird, ist es relevant, dass da auch Frauen drauf sind. Da der Hersteller auszerdem darauf aufmerksam machen m\u00f8chte, dass er auch Oberteile in groszen Gr\u00f8szen anbietet, ist das auch &#8222;natuerlich&#8220;, dass da Frauen mit groszen Brueste drauf sind.<br \/>\nDie explizit sexuellen Posen (als offensichtlichstes Merkmal bspw. der ge\u00f8ffnete Mund) sind meiner Meinung nach allerdings nicht relevant.<\/p>\n<p>Ich achte da nicht so sehr drauf, aber wenn ich mal kurz ueber Werbung mit Maennern drauf drueber nachdenke, dann fallen mir nur die drei folgenden Beispiele ein:<br \/>\n&#8211; &#8222;maennliche&#8220; K\u00f8rperstellung a la &#8222;schau her, ich habe tolle Muskeln&#8220; und<br \/>\n&#8211; schwitzend, denn bei Maennern ist das ja nicht so schlimm, wenn die &#8222;riechen&#8220;.<br \/>\n&#8211; &#8222;seri\u00f8ser Banker\/Versicherungsmann&#8220;.<br \/>\nAber nicht &#8222;Ich bin willig mich dir (sexuell) zu untergeben&#8220;.<br \/>\nAber das sage ich als heterosexueller Mann. Mich wuerde da mal interessieren, was schwule Maenner zu Werbung mit Maennern drauf sagen.<\/p>\n<p>Zurueck zur Emp\u00f8rung.<\/p>\n<p>Ich bin nicht ueber die Werbung an sich emp\u00f8rt, wie gesagt, gefaellt mir die sogar sehr. Wenn ich auf so ein Bild schaue, dann geniesze ich durchaus die (von den Werbern gewollte) Erregung und muss diese auch immer erstmal ueberwinden um die Hintergruende der Darstellungen auf dem Bild erkennen zu k\u00f8nnen.<br \/>\nDiese Art der Werbung ist aber ein Ausdruck der derzeitigen, herrschenden Zustaende diesbezueglich. Und ueber die emp\u00f8re ich mich. Denn diese Zustaende sind es, die zu so herrvorragende Verkaufszahlen der Buecher von bspw. Thilo oder Eva fuehren. Und waehrend Thilos Unfug hier nicht Thema ist, so sind die Aussagen Evas doch, dass eine Frau hinter den Herd geh\u00f8rt und nur dort richtig gluecklich werden kann und dass eine Frau gefaelligst begehrenswert fuer den Mann zu sein hat &#8211; vulgo: die Beine breit zu machen hat.<br \/>\nTrotzdem wir im 21. Jahrhundert leben, <a title=\"wikipedia - Das Eva-Prinzip - Rezeption\" href=\"http:\/\/de.wikipedia.org\/wiki\/Das_Eva-Prinzip#Rezeption\" target=\"_blank\">stimmen diesen Aussagen<\/a> ueber die Haelfte der Dtsch. zu.<\/p>\n<p>Da muss man sich natuerlich nicht drueber emp\u00f8ren. Ich tue dies aber, denn von den oben geschriebenen Dingen abgesehen, bin ich mir ein ganz klein wenig bewusst, dass wir heterosexuellen, weiszen Maenner (mit Ingenieursausbildung) es am einfachsten haben in dieser Welt.<br \/>\nUnd weil es mir gut geht, sehe ich es als meine Pflicht an, wenigstens einen kleinen Teil dazu beizutragen, dass sich mglw. die Zustaende auch fuer andere Bev\u00f8kerungsgruppen bessern. Wie ich versuche dazu beizutragen, siehe (wieder) <a title=\"Tue ich eigentlich genug um den ganzen Mist aufzuhalten?\" href=\"http:\/\/www.soeren-in-norwegen.net\/blog\/2013\/03\/tue-ich-eigentlich-genug-um-den-ganzen-mist-aufzuhalten\/\" target=\"_blank\">hier<\/a>.<\/p>\n<p>Aber nun weiter mit den Fragen<\/p>\n<blockquote><p>Warum nimmst du das so pers\u00f6nlich?<\/p><\/blockquote>\n<p>Siehe bspw. <a title=\"Warum ziehe ich denn nun eigentlich immer alles in Politische?\" href=\"http:\/\/www.soeren-in-norwegen.net\/blog\/2013\/04\/warum-ziehe-ich-denn-nun-eigentlich-immer-alles-in-politische\/\" target=\"_blank\">hier<\/a>, auch wenn ich dort ueber andere Sachen schreibe, so ist es i.A. uebertragbar.<\/p>\n<p>Ganz pers\u00f8nlich m\u00f8chte ich gern wieder zurueck kommen, auf das oben bereits erwaehnte Sprach-\/Bilddingens und die daraus folgende Diskriminierung. Aber diesmal wie ich als Mann\u00a0deswegen diskriminiert werden.<\/p>\n<p>Dazu muss ich etwas ausholen.<br \/>\nIch habe bereits mehrfach in diesem weblog darauf hingewiesen, dass man auch heute noch komisch angeschaut wird, wenn man sich als Mann um das Kind kuemmern will. Also nicht mal nur so zwei Monate zu Hause bleiben, damit man Elterngeld bekommt, oder mal nach der Schule ein bisschen auf&#8217;n Spielplatz gehen.<\/p>\n<p>Nein, ich meine so richtig die vollgeschissenen Windeln wechseln, in der Nacht aufstehen und ueberhaupt eine laengere Zeit des Kindes wegen zu Hause bleiben. Zum einen aus emotionalen Gruenden, der Liebe zum Kind wegen. Zum anderen bspw. weil man den Wunsch der Frau nach einer Karriere unterstuetzt.<\/p>\n<p>Mein pers\u00f8nliches, mir naehstes, soziales Umfeld, findet dies tatsaechlich ganz gut. Was nicht heiszt, dass die Maenner es dann auch so machen wuerden. Wenn man das \u00f8ffentlich anspricht, wird gesagt &#8222;Oh, dass sind die modernen Maenner&#8220;. Dies aber auf eine Art und Weise, die zeigt, dass\u00a0 man (ich) eigtl. belaechelt (werde). Denn man (ich) kann ja dann nicht &#8222;die Hosen anhaben kann zu Hause&#8220;, wenn man (ich) das gerne m\u00f8chte.<br \/>\nInteressanterweise ist dem nicht so, wenn ein Mann mal eine &#8222;Auszeit&#8220; nehmen will und deswegen sich hinter den Herd stellt. Widerliche Doppelstandards. Aber darauf m\u00f8chte ich jetzt nicht eingehen.<\/p>\n<p>Auf einen Ausdruck dieser Diskriminierung bin ich neulich im Kindergarten gestoszen. Da dort auch behinderte Kinder inkludiert werden, findet man Zeichnungen und Zeichensprache an einigen Stellen dort, die den Kindern die Kommunikation mit den Erwachsenen erleichtern soll.<br \/>\nHier ein Beispiel:<\/p>\n<p><a href=\"http:\/\/www.soeren-in-norwegen.net\/blog\/wp-content\/uploads\/Mamma_grosz.jpg\"><img decoding=\"async\" loading=\"lazy\" class=\"aligncenter size-full wp-image-2644\" alt=\"Mamma_grosz\" src=\"http:\/\/www.soeren-in-norwegen.net\/blog\/wp-content\/uploads\/Mamma_grosz.jpg\" width=\"625\" height=\"800\" \/><\/a><\/p>\n<p>Ich finde das ganz im Allgemeinen sehr gut und nachahmenswert, denn dadurch werden auch wir privilegierten, nicht behinderten, heterosexuellen, weiszen Maenner (mit Ingenieursausbildung) darauf hingewiesen, dass es Menschen mit anderen Beduerfnissen als den unseren gibt, die Teil der Gesellschaft sind. Und das jeden Tag wieder und nicht nur mal schnell zum Vergessen, weil man gerade eben mal eine Betroffenheitsspende fuer die Kinderabteilung des Krankenhauses gemacht hat.<br \/>\nApropos Behinderte, da ist noch so ein gigantisches Feld and \u00f8ffentlich akzeptierter Diskriminierung, aber auch darauf m\u00f8chte ich nicht weiter eingehen.<\/p>\n<p>Ich m\u00f8chte die Aufmerksamkeit gerne auf das Bild in der unteren Ecke lenken und der Mutter gern den Vater und die Familie gegenueberstellen.<\/p>\n<p><a href=\"http:\/\/www.soeren-in-norwegen.net\/blog\/wp-content\/uploads\/mamma-pappa-familie.jpg\"><img decoding=\"async\" loading=\"lazy\" class=\"aligncenter size-full wp-image-2646\" alt=\"mamma pappa familie\" src=\"http:\/\/www.soeren-in-norwegen.net\/blog\/wp-content\/uploads\/mamma-pappa-familie.jpg\" width=\"800\" height=\"383\" \/><\/a><\/p>\n<p>Es ist zu beachten, dass diese Bilder alle den gleichen Stil haben. Das sind also keine zufaelligen Cliparts von irgendwoher.<\/p>\n<p>Auf dem ersten Bild stehen sich die Mutter und das Kind sehr nahe. Sie umfassen sich herzlich. Waehrend beim Vater im zweiten Bild das Kind weit weg am ausgestreckten Arm ist.<br \/>\nHinzu kommt, dass im ersten Bild die Figuren Gesichter haben und dadurch dem Kind eine Identifikation mit sich selbst erlauben. Am Gesichtsausdruck erkennt man, dass dies noch dazu eine freudige Assoziation ist. Auf dem zweiten Bild sind es hingegen irgendwelche Figuren, die eigtl. nicht zu einer ganz pers\u00f8nliche Identifikation fuehren.<br \/>\nIm dritten Bild hat offensichtlich die Mutter das kleine Kind auf dem Arm. Wieder hier die enge k\u00f8rperliche und dadurch emotionale Beziehung nicht zum Vater. Waehrend das gr\u00f8szere Kind &#8222;artig und gut erzogen&#8220; und dadurch &#8222;entkoppelt&#8220; vor dem Vater steht.<\/p>\n<p>Warum ist das so? Warum ist nicht auch zum Vater eine enge und pers\u00f8nliche\/emotionale Bindung dargestellt?<\/p>\n<p>Entweder, weil die Grafikerin nicht drueber nachgedacht und einfach drauf losgezeichnet hat, was ihr als erstes eingefallen ist. Und da dies ein unterbewusster Prozess ist, hat sie natuerlich die sie umgebenden Zustaende abgebildet. Oder ihre pers\u00f8nlichen Erfahrungen, welche aber aufgrund der herrschenden Zustaenden zustande kamen. Und das fuehrte zum Resultat. Welches eben diese Zustaende als gegeben hin nimmt, gar bestaetigt.<br \/>\nOder (und das halte ich fuer wahrscheinlicher, in diesem Zusammenhang) die Grafikerin hat wirklich drueber nachgedacht, denn schlieszlich sind diese Bilder gedacht fuer behinderte Kinder. Und da muss natuerlich die Lebenswirklichkeit so gut wie m\u00f8glich abgebildet werden. Die Lebenswirklichkeit sind aber eben die, von mir so oft in diesem Beitrag angesprochenen, herrschenden Zustaende. Und damit sind wir beim gleichen Resultat, hin nehmen\/bestaetigen dieser gesellschaftliche Zustaende, wenn auch der Hintergrund ein ganz anderer, ein (leider) notwendiger naemlich, ist.<\/p>\n<p>Kurze rethorische Zwischenfrage: was fuer ein Bild war im Kopf, als oben &#8222;GrafikerIN&#8220; und nicht &#8222;Grafiker&#8220; gelesen wurde?<br \/>\nIch habe mit der weiblichen Berufsbezeichnung im uebrigen auch alle Maenner gemeint. Hach, irgendwie lustig (laecherlich?), wenn man dies in diesem verdrehten Zusammenhang liest, nicht wahr?<br \/>\nSprache, die unsere Gedanken bestimmt und dadurch die Welt formt. Im Ganzen betrachtet ist dies mitnichten als &#8222;kleiner, zu vernachlaessigender Effekt&#8220; abzutun!<\/p>\n<p>Mit diesem ausfuehrlichen Beispiel kann ich aber darauf zurueck kommen, warum ich das so pers\u00f8nlich nehme.<\/p>\n<p><strong>Die herrschenden Zustaende bzgl. der (Un)Gleichberechtigung zwischen Frau und Mann betreffen mich ganz pers\u00f8nlich.<\/strong><br \/>\nDeswegen emp\u00f8ren sie mich.<\/p>\n<p>Diese Zustaende druecken sich in scheinbaren Kleinigkeiten aus. Politisch wird (mehr oder weniger ernsthaft) versucht, die &#8222;groszen Sachen&#8220; zu aendern: Wahlrecht fuer Frauen (interessant uebrigens, wie dies mittlerweile als gegeben hingenommen wird), gleicher Lohn, durchaus erzwingen, dass auch Frauen in Konzernen das Sagen haben.<br \/>\nAber wenn man da dann aufh\u00f8rt, wird sich fundamental in der Gesellschaft nichts aendern. Denn Ola Nordfrau kuemmert es einen Scheiszdreck, ob Siemens eine Chefin hat. Entsprechend ziehen die Kommentare dazu, diese eigtl. sehr wichtigen Themen, meistens ins Laecherliche.<br \/>\nAll diese Kleinigkeiten im Alltag erziehen unsere Kinder, und auch uns, unterbewusst immer noch zu den &#8222;klassischen Rollenvorstellungen&#8220;. Und selbst aufmerksame Eltern k\u00f8nnen da nur bis zu bestimmten Punkten entgegen wirken. Gar nicht zu sprechen von den all zu vielen (ich denke der Mehrzahl der) Eltern, die das ueberhaupt nicht interessiert.<br \/>\nDeswegen muessen auch\u00a0(und gerade) diese Kleinigkeiten geaendert werden. <a title=\"xkcd 1202\" href=\"http:\/\/www.xkcd.com\/1202\/\" target=\"_blank\">Damit in der naechsten Generation sich Frauen und Maenner gemeinsam (!) um andere Dinge kuemmern k\u00f8nnen.<\/a> Und nicht nur um Wesentlichen wieder nur die Maenner, wie in der Vergangheit (und Gegenwart) ueblich.<\/p>\n<p>Auszerdem hoffe ich, dass es fuer meinen Sohn dann ganz selbstverstaendlich sein wird, dass er sich intensiv um sein(e) (m\u00f8gliches\/n) Kinder kuemmern kann, ohne dass er deswegen wie ein &#8222;irgendwie doch ein bisschen komischer, nicht so richtiger Mann&#8220; angeschaut wird.<\/p>\n<p>Und nun doch nochmal schnell zurueck zu den Bildern fuer die Kinder, bevor ich zum Naechsten komme.<br \/>\nEs geht mir nicht um die Bilder an und fuer sich, sondern um den Hintergrund, dass die so dargestellt werden, ohne das zu hinterfragen. Bzw. im zweiten angenommenen Fall, dass die so dargestellt werden muessen, einfach weil es die Gesellschaft in der wir leben am besten wieder gibt.<br \/>\nDie Bilder sind ja eigentlich ziemlich gut, aber so wie sie sind, sind sie Ausdruck dessen, wie die Gesellschaft ist. Die Gesellschaft ist aber so, dass meine Motive und Einstellungen herab gewuerdrigt werden und damit auch ich ganz pers\u00f8nlich.<\/p>\n<p>Nun der naechste Punkt.<\/p>\n<blockquote><p>Das was Dir dort laut Deiner Interpretation vermeintlich suggeriert wird, ist doch eigentlich nur Spiegel Deiner Einstellung, sonst w\u00fcrde Dich das nicht so \u201canpiepen\u201d.<\/p><\/blockquote>\n<p>Das sind mehrere Sachen auf einmal.<\/p>\n<p>1.: Das ist nicht nur meine Interpretation. Da gibt es ganze Forschungsrichtungen zu; siehe bspw. der verlinkte Artikel zur Wirkung der Sprache.<\/p>\n<p>Und ich muss mich wirklich mit den Bildern auseinandersetzen um einen Teil der ausgenutzten &#8222;Bildsprache&#8220; zu erkennen und darauf hinweisen zu k\u00f8nnen.<\/p>\n<p>2.: Ja, selbstverstaendlich ist dies ein Spiegel meiner Einstellungen. Meine Einstellungen wurden ja in dieser Gesellschaft geformt, als Kind und auch immer noch als Erwachsener. Diese Einstellungen sind ein Teil meines Ich und wie ich mich selbst definiere und das akzeptiere ich so. Wie oben geschrieben geniesze ich ja bspw. die Erregung durch diese Bilder durchaus.<br \/>\nIch versuche dies aber _bewusst_ zu genieszen und mein Begehren zu reflektieren. Das bedeutet nicht, dass ich die darauf aufbauenden gesellschaftlich\/sozialen\/medialen Mechanismen und Zustaende, die dies unreflektiert ausnutzen, billige. Denn Letzteres sorgt fuer einen Erhalt der (fuer mich) nicht akzeptablen Strukturen und Zustaende dieser Gesellschaft.<\/p>\n<p>3.: Es ist, wie geschrieben, nicht die Werbung an sich, die mich anpiept, sondern der, oben beschriebene, weitere Hintergrund der zu solcherart Werbung fuehrt bzw. was solcherart Reklame verursacht. Und an gerade eben dieser Werbung kann ich das so sch\u00f8n deutlich machen.<\/p>\n<blockquote><p>Was liegt solchen \u201cAuseinanderpfl\u00fcckungen\u201d zu Grunde? Bist Du gelangweilt?<\/p><\/blockquote>\n<p>Die erste Frage, hoffe ich, habe ich beantwortet, mit all dem Geschriebenen weiter oben. Im Uebrigen habe ich einen Beitrag vorbereitet, beim dem ich das Bild nicht derartig &#8222;zerpfluecken&#8220; konnte. Aber darauf muessen sich meine Leser noch ein wenig gedulden.<\/p>\n<p>Die Beantwortung der zweiten Frage passt nicht so recht in den Duktus dieses Artikels. Deswegen m\u00f8chte ich all das oben Geschriebene mit dem folgenden Kommentar abschlieszen.<br \/>\nAnders als sonst ueblich bei laengeren Beitraegen, habe ich mich mich dagegen entschieden, den Artikel aufzuteilen. Dies, weil alles miteinander verwoben ist und eine Einheit bildet. Deswegen ist es es mglw. n\u00f8tig, den Beitrag nach dem ersten Durschlesen nochmals zu ueberfliegen, um den Anfang mit dem Ende wirklich verknuepfen zu k\u00f8nnen.<\/p>\n<p>Und nun zum erwaehnten &#8222;lustigen&#8220; Teil.<\/p>\n<p>Ich bin nicht gelangweilt, aber diese Beitraege schreiben sich recht fix und ich schrieb ja bereits im einleitenden Artikel zu dieser Kategorie (und in der darauf folgenden weiteren Erklaerung), warum ich die Bilder hier ver\u00f8ffentliche.<\/p>\n<p>Aber eine gewaltige Portion Narzissmus kann ich mir nicht absprechen. Ich stehe gern im Mittelpunkt und rede am liebsten ueber mich. Dies tat ich vornehmlich im ersten Artikel dieser Kategorie.<br \/>\nNur, dass ich nicht erzaehlen mag, was ich gestern im TV gesehen habe, oder wie toll meine neue Hose ist. Ich m\u00f8chte aber darueber erzaehlen, wie die Mittel des erwaehnten Filmes meiner Meinung nach die Welt beschreiben und warum das so ist. Um dann mglw. auf mich zurueck kommen zu k\u00f8nnen und zu schreiben, wie das alles in meine ethischen Richtlinien passt. Oder eben auch nicht und ich es deswegen scheisze finde.<\/p>\n<p>Hinzu kommt, dass mir mein weblog zur Zeit wieder ein bisschen mehr am Herzen liegt und ich meinen Lesern gerne regelmaeszig etwas praesentieren m\u00f8chte. Und da muessen jetzt eben die Toilettenbilder bzw. die Reklame fuer herhalten.<br \/>\nOb das ganz im Allgemeinen von Interesse fuer meine Leser ist, <a title=\"youtube - Jan Delay Ich m\u00f6chte nicht das ihr meine Lieder singt (3:29) - etwas aus dem Zusammenhang gerissen, aber ich fand's lustig\" href=\"http:\/\/www.youtube.com\/watch?feature=player_detailpage&amp;v=tC-i0iLxpO8#t=209s\" target=\"_blank\">ist mir herzlich egal<\/a>. Das ist schlieszlich mein weblog, in dem es ueber mich geht. Steht ja schon in der Ueberschrift: &#8222;S\u00f8ren (!) in Norwegen&#8220;.<br \/>\nAber ich hoffe, dass es kurzweilig und manchmal gar interessant genug ist, um meine Leser zu motivieren auch weiterhin hier herein zu schauen und mitzulesen.<\/p>\n<p>Im Uebrigen freue ich mich ueber alle Kommentare. Zeigen sie doch, wie toll ihr mich findet :P.<\/p>\n<p>Auszerdem ist es immer (!) sehr gut, meine Ansichten oer Herangehensweisen an ein Thema auf den Pruefstand zu stellen. Deswegen bin ich fuer derartig konstruktive Kommentare wie das hier beantwortete, sehr sehr dankbar.<br \/>\nEs darf also gern ein Gegenentwurf zu dem oben Geschriebenen erstellt werden. Ich wuerde den mit Freuden als Gastbeitrag ver\u00f8ffentlichen.<\/p>\n","protected":false},"excerpt":{"rendered":"<p>Da Leserbriefe auch \u00f8ffentlich beantwortet werden, m\u00f8chte ich an dieser Stelle auf das Kommentar von Julia, zu diesem Beitrag, eingehen. Der Grund liegt darin, weil ich finde, dass dies ganz ganz im allgemeinen wichtige Fragen sind, die in diesem Zusammenhang immer wieder auftreten. Meist nur nicht so freundlich (oder klar) formuliert. Im Speziellen nur fuer [&hellip;]<\/p>\n","protected":false},"author":2,"featured_media":0,"comment_status":"open","ping_status":"open","sticky":false,"template":"","format":"standard","meta":[],"categories":[19,22],"tags":[],"_links":{"self":[{"href":"http:\/\/www.soeren-in-norwegen.net\/blog\/wp-json\/wp\/v2\/posts\/2633"}],"collection":[{"href":"http:\/\/www.soeren-in-norwegen.net\/blog\/wp-json\/wp\/v2\/posts"}],"about":[{"href":"http:\/\/www.soeren-in-norwegen.net\/blog\/wp-json\/wp\/v2\/types\/post"}],"author":[{"embeddable":true,"href":"http:\/\/www.soeren-in-norwegen.net\/blog\/wp-json\/wp\/v2\/users\/2"}],"replies":[{"embeddable":true,"href":"http:\/\/www.soeren-in-norwegen.net\/blog\/wp-json\/wp\/v2\/comments?post=2633"}],"version-history":[{"count":21,"href":"http:\/\/www.soeren-in-norwegen.net\/blog\/wp-json\/wp\/v2\/posts\/2633\/revisions"}],"predecessor-version":[{"id":2656,"href":"http:\/\/www.soeren-in-norwegen.net\/blog\/wp-json\/wp\/v2\/posts\/2633\/revisions\/2656"}],"wp:attachment":[{"href":"http:\/\/www.soeren-in-norwegen.net\/blog\/wp-json\/wp\/v2\/media?parent=2633"}],"wp:term":[{"taxonomy":"category","embeddable":true,"href":"http:\/\/www.soeren-in-norwegen.net\/blog\/wp-json\/wp\/v2\/categories?post=2633"},{"taxonomy":"post_tag","embeddable":true,"href":"http:\/\/www.soeren-in-norwegen.net\/blog\/wp-json\/wp\/v2\/tags?post=2633"}],"curies":[{"name":"wp","href":"https:\/\/api.w.org\/{rel}","templated":true}]}}