{"id":2392,"date":"2013-03-24T12:14:25","date_gmt":"2013-03-24T10:14:25","guid":{"rendered":"http:\/\/www.soeren-in-norwegen.net\/blog\/?p=2392"},"modified":"2013-03-24T12:59:52","modified_gmt":"2013-03-24T10:59:52","slug":"dunkle-zeiten-haben-begonnen","status":"publish","type":"post","link":"http:\/\/www.soeren-in-norwegen.net\/blog\/2013\/03\/dunkle-zeiten-haben-begonnen\/","title":{"rendered":"Dunkle Zeiten haben begonnen"},"content":{"rendered":"<p>Dies schrieb ich <a title=\"Sag ich doch\" href=\"http:\/\/www.soeren-in-norwegen.net\/blog\/2013\/02\/sag-ich-doch\/\" target=\"_blank\">neulich<\/a>. Oder vielmehr drueckte ich es dort, via einer Durchstreichung, mit einem kleinen Funken Hoffnung aus.<\/p>\n<p>Nun habe ich aber gerade eben <a title=\"Spiegelfechter - Homosexualit\u00e4t: Heilung ohne Krankheit\" href=\"http:\/\/www.spiegelfechter.com\/wordpress\/9312\/homosexualitat-heilung-ohne-krankheit\" target=\"_blank\">diesen Artikel<\/a> gelesen. Der Artikel handelt darueber, wie bestimmte Gruppierungen auf der Klaviatur der Vorurteile spielen und damit erfolgreich sind. Erfolgreich deswegen, weil KEIN Sturm der Entruestung durch das dtsch. Volk geht. Weil die Leute immer noch zu diesen Aerzten gehen. Und irgendwie ist dieses zum Himmel schreiende Phaenomen der Totenstarre nicht mit meiner Vorstellung von modernen (und freien) Zeiten in Einklang zu bringen.<\/p>\n<p>Aber ich will das nicht nur als Fingerzeig auf die Kirche verstanden haben. Denn wie schreibt Uena es in <a title=\"Spiegelfechter - Homosexualit\u00e4t: Heilung ohne Krankheit - Kommentar Uena\" href=\"http:\/\/www.spiegelfechter.com\/wordpress\/9312\/homosexualitat-heilung-ohne-krankheit#comment-235811\" target=\"_blank\">einem Kommentar<\/a>:<\/p>\n<blockquote><p>[\u2026] wie selbstverst\u00e4ndlich [ist] Homosexualit\u00e4t in unserer Gesellschaft tats\u00e4chlich verankert und akzeptiert [?] F\u00fcr den fortschrittlichen Geist angeblich kein Thema mehr [\u2026]. Diese Akzeptanz ist aber nur oberfl\u00e4chlich und \u00e4u\u00dfert sich in vielen kleinen Details, die eine homosexuelle Lebensweise eben nicht als normal interpretieren. Beispielhaft sei hier genannt, dass bei Homosexuellen dieses Attribut in Medien sehr h\u00e4ufig als Adjektiv mit erw\u00e4hnt wird, obwohl es mit dem eigentlichen Kontext nichts zu tun hat. Das gibt es bei Heterosexuellen nicht. Oder wie schnell das Schimpfwort \u201cSchwuchtel\u201d ausgesprochen wird. Normalit\u00e4t wird nicht als Beleidigung herangezogen, weil sie nicht greift. Die ganze Debatte \u00fcber rechtliche Gleichstellung homosexueller Paare zu heterosexuellen zeigt ebenso, wie unglaublich verquer die ganze Einstellung noch ist.<\/p><\/blockquote>\n<p>Ich selber brauchte ueber eine Dekade um genau dieses beschriebene Denken zu wandeln. Und das schaffte ich nur dank tatkraeftiger Unterstuetzung einer mir sehr wichtigen Person. Und selbst heute ertappe ich mich noch immer dabei, wie sich solche Vorurteilen in meinen Gedanken bilden. Wenn es mir denn dann aufaellt, versuche ich das natuerlich aktiv zu reflektieren. Ein zeitaufwendiger Prozess, da es auch so viele andere Bereiche gibt, wo das passiert (bspw. Frauen, Auslaender etc.)<\/p>\n<p>Das Zitat spricht also den eigentliche Knackpunkt an. Denn wer kennt es nicht, wenn das Thema auf gleichgeschlechtliche Liebe <a title=\"Peace and Love\" href=\"http:\/\/www.soeren-in-norwegen.net\/blog\/2013\/03\/peace-and-love\/\" target=\"_blank\">(!!!!)<\/a> kommt, sind wir zwar alle fuerchterlich aufgeklaert, aber mehr so in der Art und Weise &#8222;Na heutzutage sind wir ja so modern, da soll doch jeder machen was sie (oder er) will; solange die (!) mich damit in Ruhe lassen&#8220;.<\/p>\n<p>Dies ist tatsaechlich (!) eine moderne und aufgeklaerte Haltung. Bewusst gegen die eigenen anerzogenen Reflexe und Instinkte anzutreten kann nicht anders als modern bezeichnet werden. Aber die Art und Weise wie wir das denken, ist doch arg bemueht. Eben durch aeuszere Umstaende auferzwungen. Auch daran ist nichts Schlimmes, denn so beginnen moderne Zeiten immer. Verantwortungsbewusste Fuehrungspers\u00f8nlichkeiten sorgen dafuer, dass wir das Unn\u00f8tige, aber tief in der Gesellschaft verwurzelte, unserer Vergangenheit ablegen. Dies bspw. durch Gesetze oder durch deutliches Sichtbarmachen bestimmter Probleme. Deswegen schaffen wir, die Leser dieses weblogs, es eben auch sich tatsaechlich modern zu verhalten.<\/p>\n<p>Dummerweise haben wir (diesmal ist damit ein etwas gr\u00f8szerer Kreis moderner Menschen gemeint) es nicht geschafft, dass diese, dem 21.sten Jahrhundert wuerdigen, notwendigen Verhaltensaenderungen auch im Rest der Gesellschaft tatsaechlich ankommt. Und deswegen sind bspw. die oben erwaehnten Gruppierungen (aber nicht nur die) eben kraeftig dabei, all das Erreichte wieder zu annullieren. Weil sie wissen, dass sie damit auf laengere Sicht Erfolg haben werden. Und deswegen bin ich der Meinung, dass die dunklen Zeiten bereits begonnen haben. Denn in wahrhaft modernen Zeiten waere dies nicht m\u00f8glich.<\/p>\n<p>Und wie so oft ist der konkrete Aufhaenger dieses Artikels nur als Beispiel zu sehen. Neben der nicht-heterosexuellen Liebe gibt es viele andere Beispiele in diesem Themengebiet.<br \/>\n&#8211; Die bereits mehrfach erwaehnte Gleichberechtigung zwischen Mann und Frau; warum werd ich komisch angeschaut, wenn ich sage, dass ich gern zu Hause bleiben und mich um&#8217;s Kind kuemmern will?<br \/>\n&#8211; Die ebenso bereits mehrfach in diesem weblog erwaehnte Einstellung zur Sexualitaet und zum ficken.<br \/>\n&#8211; Die Einstellung der Bev\u00f8lkerung zu fundamentalen Buergerrechten, die nunmal auch fuer Nazis und schlimmere Verbrecher zu gelten haben (auch dies war bereits mehrfach ein Thema in diesem weblog).<br \/>\n&#8211; Die fundamentale Angst vor dem Fremden (die leider auch all zu oft das zugrundeliegende meiner eigenen Gedanken ist).<br \/>\n&#8211; Und nicht vergessen werden duerfen die Einstellungen gegenueber armen (oder ungebildeten) Menschen.<br \/>\nDies sind natuerlich nur die wenigen Themen, die mir am Herzen liegen und mit denen ich mich ein wenig beschaeftigt habe.<\/p>\n<p>Es ist natuerlich nicht zu vergessen, dass nach den Schwulen und Auslaendern immer straks die Intellektuellen (und deren Kinder) auf dem Scheiterhaufen (oder in neuerer Zeit im KZ) landeten. Dies ist natuerlich der aeuszerst egoistische Grund, warum ich immer und immer und immer wieder darueber schreibe (und spreche).<\/p>\n<p>Auf lange Sicht, gibt es gluecklicherweise Hoffnung. Die Geschichte hat es naemlich immer wieder gezeigt, dass ueber kurz oder lang, die Menschen wirklich unmenschliche Systeme zu Fall bringen und fuer einen gewissen Zeitraum durch etwas Besseres ersetzen. Nur dummerweise leiden und sterben bis dahin und in diesem Prozess so viele Menschen. Und die dunklen Zeiten muessen ja auch erstmal durschritten werden.<br \/>\nNur dummerweise hilft dies nicht uns (oder unseren Kindern), denn wir kommen ja gerade aus einem goldenen Zeitalter.<\/p>\n<p>Und deswegen m\u00f8chte ich mich an dieser Stelle nochmals wiederholen:<\/p>\n<blockquote><p>Lasst uns unsere Kinder so erziehen, dass sie in der Lage sind, die Fackel der Freiheit, die wir (kurzzeitig) erleben durften, weiter zu tragen, durch die Nacht.<\/p><\/blockquote>\n<p>Freiheit! Liebe Leute, sprecht darueber. Und in dunkler Vorahnung, darob der Zustaende in einigen Jahrzehnten (Jahren?) m\u00f8chte ich dazu schreiben: solange ihr euch damit nicht in unn\u00f8tige Gefahr bringt.<br \/>\nFuer die Menschen in vierhundert Jahren. Und damit dass Leiden all der Millionen bis dahin nicht umsonst ist.<\/p>\n<p>Eine letzte Sache noch, welche mehr in die philosophische Richtung geht.<\/p>\n<p>Es gibt aeuszersts wichtige Unterschiede zwischen <a title=\"wikipedia -  Pessimismus\" href=\"http:\/\/de.wikipedia.org\/wiki\/Pessimismus\" target=\"_blank\">Pessimismus<\/a> und und <a title=\"wikipedia -  Fatalismus\" href=\"http:\/\/de.wikipedia.org\/wiki\/Fatalismus\" target=\"_blank\">Fatalismus<\/a>.<br \/>\nAll das was ich so schreibe ist mitnichten fatalistisch! Ich halte uns (ganz konkret uns, aber auch die Menschen als Ganzes) fuer allzeit und fundamental handlungsfaehig. Daraus resultieren eben auch die staendigen, impliziten Aufrufe: denkt mal drueber nach; versucht zu erkennen, wie diese erschreckenden Entwicklungen auch ganz konkret euch betreffen; und vor allem, versucht diesen Entwicklungen etwas entgegen zu setzen. Ich selber <a title=\"Tue ich eigentlich genug um den ganzen Mist aufzuhalten?\" href=\"http:\/\/www.soeren-in-norwegen.net\/blog\/2013\/03\/tue-ich-eigentlich-genug-um-den-ganzen-mist-aufzuhalten\/\" target=\"_blank\">versuche<\/a> ja auch mit (und nach) den mir gegeben M\u00f8glichkeiten zu handeln.<br \/>\nMan k\u00f8nnte also sagen, dass zwar all das was ich schreibe recht pessimistisch ist, dass ich aber eine grundsaetzlich <a title=\"wikipedia -  Optimismus\" href=\"http:\/\/de.wikipedia.org\/wiki\/Optimismus\" target=\"_blank\">optimistische<\/a> Lebens- und Handlungseinstellung habe.<\/p>\n","protected":false},"excerpt":{"rendered":"<p>Dies schrieb ich neulich. Oder vielmehr drueckte ich es dort, via einer Durchstreichung, mit einem kleinen Funken Hoffnung aus. Nun habe ich aber gerade eben diesen Artikel gelesen. Der Artikel handelt darueber, wie bestimmte Gruppierungen auf der Klaviatur der Vorurteile spielen und damit erfolgreich sind. Erfolgreich deswegen, weil KEIN Sturm der Entruestung durch das dtsch. [&hellip;]<\/p>\n","protected":false},"author":2,"featured_media":0,"comment_status":"open","ping_status":"open","sticky":false,"template":"","format":"standard","meta":[],"categories":[1],"tags":[],"_links":{"self":[{"href":"http:\/\/www.soeren-in-norwegen.net\/blog\/wp-json\/wp\/v2\/posts\/2392"}],"collection":[{"href":"http:\/\/www.soeren-in-norwegen.net\/blog\/wp-json\/wp\/v2\/posts"}],"about":[{"href":"http:\/\/www.soeren-in-norwegen.net\/blog\/wp-json\/wp\/v2\/types\/post"}],"author":[{"embeddable":true,"href":"http:\/\/www.soeren-in-norwegen.net\/blog\/wp-json\/wp\/v2\/users\/2"}],"replies":[{"embeddable":true,"href":"http:\/\/www.soeren-in-norwegen.net\/blog\/wp-json\/wp\/v2\/comments?post=2392"}],"version-history":[{"count":12,"href":"http:\/\/www.soeren-in-norwegen.net\/blog\/wp-json\/wp\/v2\/posts\/2392\/revisions"}],"predecessor-version":[{"id":2401,"href":"http:\/\/www.soeren-in-norwegen.net\/blog\/wp-json\/wp\/v2\/posts\/2392\/revisions\/2401"}],"wp:attachment":[{"href":"http:\/\/www.soeren-in-norwegen.net\/blog\/wp-json\/wp\/v2\/media?parent=2392"}],"wp:term":[{"taxonomy":"category","embeddable":true,"href":"http:\/\/www.soeren-in-norwegen.net\/blog\/wp-json\/wp\/v2\/categories?post=2392"},{"taxonomy":"post_tag","embeddable":true,"href":"http:\/\/www.soeren-in-norwegen.net\/blog\/wp-json\/wp\/v2\/tags?post=2392"}],"curies":[{"name":"wp","href":"https:\/\/api.w.org\/{rel}","templated":true}]}}