{"id":1688,"date":"2012-11-15T11:42:47","date_gmt":"2012-11-15T09:42:47","guid":{"rendered":"http:\/\/www.soeren-in-norwegen.net\/blog\/?p=1688"},"modified":"2012-11-15T17:07:42","modified_gmt":"2012-11-15T15:07:42","slug":"schon-wieder-ein-ausgelagerter-kommentar","status":"publish","type":"post","link":"http:\/\/www.soeren-in-norwegen.net\/blog\/2012\/11\/schon-wieder-ein-ausgelagerter-kommentar\/","title":{"rendered":"Schon wieder ein ausgelagerter Kommentar"},"content":{"rendered":"<p>Eben las ich <a title=\"LeSpocky - Fleischverzicht f\u00f6rdern\" href=\"http:\/\/www.lespocky.de\/blog\/2012\/fleischverzicht-fordern\/\" target=\"_blank\">einen Artikel<\/a>, dem ein gewisser, missionarischer Eifer unterstellt werden kann.<br \/>\n&#8222;Gewisser missionarischer Eifer&#8220; deswegen, weil auf Essverhalten, zurecht, mit der Klimakeule hingewiesen wird. Ist ja auch einfach, jetzt, wo es selbst in den USA der &#8222;major consensus narrative&#8220; ist. Und diese kuscheligen Eisbaeren! Die wollen wir doch bewahren, nicht wahr. Also zumindest ich wuerde die gern bewahrt sehen.<br \/>\nUnd ich fass mir auch mal an meine eigene Nase. Meine &#8222;Keule&#8220;, mit der ich meinen pers\u00f8nlichen Verzicht auf (die meisten) Fleischgerichte begruende, ist ja auch nicht viel besser. Hat zwar nicht so ein hehres, von allen anerkannte und bewunderte Ziel wie die Rettung des Planeten, sondern nur die Anerkennung des <a title=\"wikipedia - social contract\" href=\"http:\/\/en.wikipedia.org\/wiki\/Social_contract\" target=\"_blank\">sozialen Vertrages<\/a> auch fuer Tiere. .oO(Pfff, von was fuer einem Quatsch redet er da eigentlich gerade.)<br \/>\nDer in dem Artikel verlinkte (andere) Artikel, kommt auf die aktuellste Untersuchung dazu zu sprechen und ist vermutlich gerade zur Hand gewesen. Aber bekannt ist der Zusammenhang zwischen Fleischkonsum und Klimawandel schon deutlich laenger.<\/p>\n<p>Aber ich schweife ab, denn darum soll es gar nicht gehen.<\/p>\n<p>Es geht mir eigentlich um die in dem Artikel \u00f8ffentlich gemachte Tabelle zum Essverhalten des Autors.<\/p>\n<p>Eine sehr nette Statistik. Und sie unterstreicht auch die Aussage des Beitrages so sch\u00f8n. Ehrlich. Wir alle k\u00f8nnen dazu beitragen, dass weniger Treibhausgase ausgestoszen werden.<\/p>\n<p>Mein erster Gedanke war: &#8222;hihi \u2026 witzig&#8220;<\/p>\n<p>Und dann dachte ich aber mal drueber nach und wollte den folgenden Kommentar schreiben:<\/p>\n<blockquote><p>Nette Statistik uebrigens, und so sch\u00f8n <strong>\u00f8ffentlich<\/strong>.<br \/>\nMal sehen, wann die Chips unter unserer Haut das per Gesetz mitloggen duerfen, was wir essen, damit es dann den Krankenkassen gemeldet werden kann um unseren Beitrag anpassen zu k\u00f8nnen.<br \/>\nOffensichtlich ist die Bereitschaft jedes kleine Fitzelchen des Privaten zu ver\u00f8ffentlichen ja vorhanden.<br \/>\nUnd wo kaemen wir denn da auch hin! Gesunde (!) Menschen haben ja nix zu verheimlichen! Und die fetten Menschen kosten die Gesellschaft ohnehin viel zu viel Geld. Da wir &#8222;fette Menschen&#8220; aber nicht verbieten k\u00f8nnen, muessen wir sie halt an den Pranger stellen, damit sie sich nach unseren (!!!) Vorstellungen verhalten, oder eben deren Krankenkassenbeitraege erh\u00f8hen.<\/p>\n<p><strong>Digitale Selbstverteidigung, my ass!<\/strong><\/p>\n<p>Intention: l\u00f8blich<br \/>\nUmsetzung: wieso regt der Kerl sich eigentlich schon wieder, auf so eine unm\u00f8gliche Art und Weise, ueber solche Lulligkeiten auf? Ist doch _NUR_ eine Tabelle. Kann doch jeder mit machen, was er will.<\/p><\/blockquote>\n<p>Aber so ein Pranger. Oh, nee! DAS geht nun wirklich noch nicht! Das wird (noch nicht) akzeptiert von den Leuten. Das muessen wir vorbereiten. Vorratsdatenspeicherung begruenden wir ja auch mit den Nazis. Und dass ungesunde Lebensweise schlecht ist, das ist ja auch weitgehend akzeptiert. Warum also nicht dies nutzen.<\/p>\n<p>Meine Leser merken sicherlich, worauf das hinaus laufen soll. Und sagt mir jetzt keiner, so ein Unsinn. Oder dass sowas ja &#8222;niemals&#8220; passieren kann.<br \/>\nEinsatz der Bundeswehr im Inneren war bis vor Kurzem auch absolut nicht m\u00f8glich. Erwartet wurde es schon laenger.<br \/>\nUnd anstatt Chips unter der Haut sind es heute die Smartphones, die alles mitloggen und wo es nur noch eine Frage der Zeit ist, bis man damit auch bezahlen kann. Geht ja jetzt bereits teilweise. Und dann liegt alles sch\u00f8n digital und leicht auswertbar (damit &#8222;uns&#8220; ein NOCH besserer Service geboten werden kann) vor: &#8222;Aha, im Theater war der gute Mann. L\u00f8blich! Also keiner von den ungebildeten Untermenschen. \u2026 Aber halt! Was hat er denn DORT gekauft! Eine Cola! Na und das zusammen zu der Pizza von gestern. Da muss ich Computer doch gleich mal eine Nachricht an seinen Arzt schicken, dass er naechstes Mal den Cholesterinwert testet.&#8220;<\/p>\n<p>Ich rege mich nicht ueber die Tabelle an sich auf. Ich fuehre bspw. eine Kinostatistik. Ist ja auch fuer einen Selber ganz gut, um einen Ueberblick zu behalten.<\/p>\n<p>Ich rege mich ueber die detaillierte, d.h. nicht zusammengefasste (Anonymisierung ist in dem Fall ja nicht m\u00f8glich),\u00a0wenn auch mit guter Intention, aber im weiteren Zusammenhang wenig durchdachte, \u00d8ffentlichmachung auf.<\/p>\n<p>Bitte, liebe Leser, achtet auf eure Daten! Gebt den Gesetzgebern und ausfuehrenden Organen nicht noch zusaetzlich den Eindruck, dass sie mit ihrer Schnueffelei auch noch leicht durchkommen werden, weil ja ohnehin alles \u00f8ffentlich ist.<\/p>\n<p>Dies sollte doppelt gelten im Zusammenhang mit privaten Firmen. Denn diese unterliegen ja nicht mal auf dem Papier unserer Kontrolle.<\/p>\n<p>Und ja, ich schimpfe auch aus ganz egoistischen Gruenden.<br \/>\nIch will nicht verdaechtig sein, nur weil ich mein Buergerrecht auf Privatsphaere wahr nehme. Weil ich NICHT m\u00f8chte, dass alle wissen (k\u00f8nnen), welchen, m\u00f8glicherweise gesundheitsschaedlichen, sexuellen Praktiken ich fr\u00f8ne.<br \/>\nAber auch weil ich nicht m\u00f8chte, dass der Buch- oder Kinomarkt noch weiter kaputt gemacht wird. Denn aufgrund derartiger Statistiken kommen\u00a0besagte private Firmen zu dem Schluss, dass ohnehin nur &#8222;Bestseller&#8220; gekauft werden. &#8222;Komplizierte&#8220; Buecher in kleiner Auflage werden deswegen deutlich seltener publiziert. Dies ist uebrigens in England seit einigen Jahren der Fall.<\/p>\n<p>Und zum Abschluss, um die Wogen ein wenig zu glaetten, eine &#8222;lustige&#8220; Feststellung: heute hab ich mich nicht verzettelt ;)<\/p>\n","protected":false},"excerpt":{"rendered":"<p>Eben las ich einen Artikel, dem ein gewisser, missionarischer Eifer unterstellt werden kann. &#8222;Gewisser missionarischer Eifer&#8220; deswegen, weil auf Essverhalten, zurecht, mit der Klimakeule hingewiesen wird. Ist ja auch einfach, jetzt, wo es selbst in den USA der &#8222;major consensus narrative&#8220; ist. Und diese kuscheligen Eisbaeren! Die wollen wir doch bewahren, nicht wahr. Also zumindest [&hellip;]<\/p>\n","protected":false},"author":2,"featured_media":0,"comment_status":"open","ping_status":"open","sticky":false,"template":"","format":"standard","meta":[],"categories":[1],"tags":[],"_links":{"self":[{"href":"http:\/\/www.soeren-in-norwegen.net\/blog\/wp-json\/wp\/v2\/posts\/1688"}],"collection":[{"href":"http:\/\/www.soeren-in-norwegen.net\/blog\/wp-json\/wp\/v2\/posts"}],"about":[{"href":"http:\/\/www.soeren-in-norwegen.net\/blog\/wp-json\/wp\/v2\/types\/post"}],"author":[{"embeddable":true,"href":"http:\/\/www.soeren-in-norwegen.net\/blog\/wp-json\/wp\/v2\/users\/2"}],"replies":[{"embeddable":true,"href":"http:\/\/www.soeren-in-norwegen.net\/blog\/wp-json\/wp\/v2\/comments?post=1688"}],"version-history":[{"count":6,"href":"http:\/\/www.soeren-in-norwegen.net\/blog\/wp-json\/wp\/v2\/posts\/1688\/revisions"}],"predecessor-version":[{"id":1692,"href":"http:\/\/www.soeren-in-norwegen.net\/blog\/wp-json\/wp\/v2\/posts\/1688\/revisions\/1692"}],"wp:attachment":[{"href":"http:\/\/www.soeren-in-norwegen.net\/blog\/wp-json\/wp\/v2\/media?parent=1688"}],"wp:term":[{"taxonomy":"category","embeddable":true,"href":"http:\/\/www.soeren-in-norwegen.net\/blog\/wp-json\/wp\/v2\/categories?post=1688"},{"taxonomy":"post_tag","embeddable":true,"href":"http:\/\/www.soeren-in-norwegen.net\/blog\/wp-json\/wp\/v2\/tags?post=1688"}],"curies":[{"name":"wp","href":"https:\/\/api.w.org\/{rel}","templated":true}]}}