{"id":13876,"date":"2024-05-23T13:37:52","date_gmt":"2024-05-23T11:37:52","guid":{"rendered":"http:\/\/www.soeren-in-norwegen.net\/blog\/?p=13876"},"modified":"2024-04-18T15:29:54","modified_gmt":"2024-04-18T13:29:54","slug":"ab-heute-grosze-veraenderungen","status":"publish","type":"post","link":"http:\/\/www.soeren-in-norwegen.net\/blog\/2024\/05\/ab-heute-grosze-veraenderungen\/","title":{"rendered":"Ab heute: Grosze Veraenderungen"},"content":{"rendered":"<p>In meinem <a href=\"http:\/\/www.soeren-in-norwegen.net\/blog\/2023\/09\/dem-ende-entgegen\/\" target=\"_blank\" rel=\"noopener\">letztjaehrigen Geburtstagsbeitrag<\/a> <del>sprach ich an<\/del> lamentierte ich im Detail darueber, dass mir das Material und die Ideen ausgehen. Als Konsequenz dessen zog ich in Erwaehnung, diesen Weblog mglw. ganz einzustellen. Ich schrieb aber auch, dass mir das nicht so richtig passt, weil ich sehr gerne schreibe und mir das alles sehr am Herzen liegt.<\/p>\n<p>Als Kompromiss bin ich neulich drauf gekommen, dass ich auch einfach nur noch einen Beitraeg pro Woche schreiben k\u00f8nnte. Das haette eine drastische Reduzierung der Artikelanzahl zur Folge; anstatt an jedem Primzahltag (also bis zu 12 Artikel pro Monat) nur noch an einem Primzahltag der Woche.<br \/>\nBisher unterschied ich auch zwischen kurzen und langen Artikeln (wobei das seeeeeeehr flexible Kategorien sind), je nachdem wieviele Tage bis zum naechsten Artikel vergehen. Das faellt dann auch weg. Ich publiziere was vorliegt, egal ob das jetzt trivial und kurz oder komplizierter und lang ist.<\/p>\n<p>Im Allgemeinen l\u00f8st es das Problem, dass mir die Ideen ausgehen, nicht. Das gibt mir aber einen gewaltigen Aufschub, denn es laufen ja noch ein paar Miniserien und ebenso gibt&#8217;s beim Anhang von Kevin Bacon noch ein paar Dinge die getan werden muessen.<br \/>\nDas l\u00f8st aber mglw. (vllt.? hoffentlich?) das spezielle Problem, dass ich nicht (mehr) genug Ideen fuer die bisherige Beitragsfrequenz habe. Ab und zu hab ich ja doch was worueber ich schreiben m\u00f8chte, weil ich&#8217;s interessant finde und mir Gedanken drueber gemacht habe. Und wenn ich nur vier Sachen pro Monat &#8222;brauche&#8220;, dann bleibt mein Weblog unter Umstaenden noch eine Weile bestehen :)<\/p>\n<p>Jetzt noch ein Kommentar zum Titel: der ist naemlich doppelt nicht (ganz) richtig.<br \/>\nZunaechst einmal geschehen die Veraenderungen einmalig und das ist dann ein fortlaufender (wenn auch zunaechst neuer) <em>Modus Operandi<\/em> fuer meinen Weblog. Das W\u00f8rtchen &#8222;Ab&#8220; ist also fehl am Platz.<br \/>\nDesweiteren ist das W\u00f8rtchen &#8222;Ab&#8220; ein zweites Mal fehl am Platz in Verbindung mit dem W\u00f8rtchen &#8222;heute&#8220;. Der letzte Beitrag war bereits vor 10 Tagen. Nach dem alten, viele Jahre geltenden Ver\u00f8ffentlichungsplan haetten zwischem diesem und dem letzten Beitrag zwei weitere Artikel erscheinen muessen. Oder anders: die Veraenderungen haben laengst stattgefunden, heute ist nur der erste Tag, an dem ich drauf aufmerksam machen kann.<br \/>\nIch gebe zu, dass ich das so schrieb, weil es eine h\u00f8here aufmerksamkeitsheischende Wirkung hat.<\/p>\n<p>Damit verbleibe ich bis \u2026 naechste Woche \u2026 tihihi.<\/p>\n","protected":false},"excerpt":{"rendered":"<p>In meinem letztjaehrigen Geburtstagsbeitrag sprach ich an lamentierte ich im Detail darueber, dass mir das Material und die Ideen ausgehen. Als Konsequenz dessen zog ich in Erwaehnung, diesen Weblog mglw. ganz einzustellen. Ich schrieb aber auch, dass mir das nicht so richtig passt, weil ich sehr gerne schreibe und mir das alles sehr am Herzen [&hellip;]<\/p>\n","protected":false},"author":2,"featured_media":0,"comment_status":"open","ping_status":"open","sticky":false,"template":"","format":"standard","meta":[],"categories":[1],"tags":[],"_links":{"self":[{"href":"http:\/\/www.soeren-in-norwegen.net\/blog\/wp-json\/wp\/v2\/posts\/13876"}],"collection":[{"href":"http:\/\/www.soeren-in-norwegen.net\/blog\/wp-json\/wp\/v2\/posts"}],"about":[{"href":"http:\/\/www.soeren-in-norwegen.net\/blog\/wp-json\/wp\/v2\/types\/post"}],"author":[{"embeddable":true,"href":"http:\/\/www.soeren-in-norwegen.net\/blog\/wp-json\/wp\/v2\/users\/2"}],"replies":[{"embeddable":true,"href":"http:\/\/www.soeren-in-norwegen.net\/blog\/wp-json\/wp\/v2\/comments?post=13876"}],"version-history":[{"count":5,"href":"http:\/\/www.soeren-in-norwegen.net\/blog\/wp-json\/wp\/v2\/posts\/13876\/revisions"}],"predecessor-version":[{"id":13881,"href":"http:\/\/www.soeren-in-norwegen.net\/blog\/wp-json\/wp\/v2\/posts\/13876\/revisions\/13881"}],"wp:attachment":[{"href":"http:\/\/www.soeren-in-norwegen.net\/blog\/wp-json\/wp\/v2\/media?parent=13876"}],"wp:term":[{"taxonomy":"category","embeddable":true,"href":"http:\/\/www.soeren-in-norwegen.net\/blog\/wp-json\/wp\/v2\/categories?post=13876"},{"taxonomy":"post_tag","embeddable":true,"href":"http:\/\/www.soeren-in-norwegen.net\/blog\/wp-json\/wp\/v2\/tags?post=13876"}],"curies":[{"name":"wp","href":"https:\/\/api.w.org\/{rel}","templated":true}]}}