{"id":10116,"date":"2020-09-02T13:37:11","date_gmt":"2020-09-02T11:37:11","guid":{"rendered":"http:\/\/www.soeren-in-norwegen.net\/blog\/?p=10116"},"modified":"2020-08-05T15:10:29","modified_gmt":"2020-08-05T13:10:29","slug":"unmoglich","status":"publish","type":"post","link":"http:\/\/www.soeren-in-norwegen.net\/blog\/2020\/09\/unmoglich\/","title":{"rendered":"Unm\u00f8glich"},"content":{"rendered":"<p>Frueher dachte ich, dass die M\u00f8glichkeit von Maschinen die gr\u00f8szer sind als Menschen zwar weit hergeholt und v\u00f8llig unpraktisch, aber nicht undenkbar ist.<\/p>\n<p>Dann las ich den Artikel &#8222;<a href=\"https:\/\/arxiv.org\/pdf\/1703.10987.pdf\" target=\"_blank\" rel=\"noopener noreferrer\">On the Impossibility of Supersized Machines<\/a>&#8220; von B. Garfinkel <em>et al.<\/em> und musste einsehen, dass es sich bei der oberen Aussage um eine nomologische Unm\u00f8glichkeit handelt.<br \/>\nSchon schade \u2026 irgendwie \u2026 denn darauf basierte meine Annahme, dass Roboter irgendwann mal den ganze Mist machen werden, auf den ich keine Lust habe.<\/p>\n","protected":false},"excerpt":{"rendered":"<p>Frueher dachte ich, dass die M\u00f8glichkeit von Maschinen die gr\u00f8szer sind als Menschen zwar weit hergeholt und v\u00f8llig unpraktisch, aber nicht undenkbar ist. Dann las ich den Artikel &#8222;On the Impossibility of Supersized Machines&#8220; von B. Garfinkel et al. und musste einsehen, dass es sich bei der oberen Aussage um eine nomologische Unm\u00f8glichkeit handelt. Schon [&hellip;]<\/p>\n","protected":false},"author":2,"featured_media":0,"comment_status":"open","ping_status":"open","sticky":false,"template":"","format":"standard","meta":[],"categories":[1],"tags":[],"_links":{"self":[{"href":"http:\/\/www.soeren-in-norwegen.net\/blog\/wp-json\/wp\/v2\/posts\/10116"}],"collection":[{"href":"http:\/\/www.soeren-in-norwegen.net\/blog\/wp-json\/wp\/v2\/posts"}],"about":[{"href":"http:\/\/www.soeren-in-norwegen.net\/blog\/wp-json\/wp\/v2\/types\/post"}],"author":[{"embeddable":true,"href":"http:\/\/www.soeren-in-norwegen.net\/blog\/wp-json\/wp\/v2\/users\/2"}],"replies":[{"embeddable":true,"href":"http:\/\/www.soeren-in-norwegen.net\/blog\/wp-json\/wp\/v2\/comments?post=10116"}],"version-history":[{"count":2,"href":"http:\/\/www.soeren-in-norwegen.net\/blog\/wp-json\/wp\/v2\/posts\/10116\/revisions"}],"predecessor-version":[{"id":10118,"href":"http:\/\/www.soeren-in-norwegen.net\/blog\/wp-json\/wp\/v2\/posts\/10116\/revisions\/10118"}],"wp:attachment":[{"href":"http:\/\/www.soeren-in-norwegen.net\/blog\/wp-json\/wp\/v2\/media?parent=10116"}],"wp:term":[{"taxonomy":"category","embeddable":true,"href":"http:\/\/www.soeren-in-norwegen.net\/blog\/wp-json\/wp\/v2\/categories?post=10116"},{"taxonomy":"post_tag","embeddable":true,"href":"http:\/\/www.soeren-in-norwegen.net\/blog\/wp-json\/wp\/v2\/tags?post=10116"}],"curies":[{"name":"wp","href":"https:\/\/api.w.org\/{rel}","templated":true}]}}